{"id":6153,"date":"2026-02-20T16:46:48","date_gmt":"2026-02-20T15:46:48","guid":{"rendered":"https:\/\/www.sj-cluny.org\/?p=6153"},"modified":"2026-04-18T13:41:13","modified_gmt":"2026-04-18T11:41:13","slug":"changement-de-responsables","status":"publish","type":"post","link":"https:\/\/www.sj-cluny.org\/pt\/actualite\/changement-de-responsables\/","title":{"rendered":"Mudan\u00e7a na lideran\u00e7a"},"content":{"rendered":"<p class=\"has-text-align-left\" style=\"line-height:1.6\"><strong>\u2026 o Filho do Homem n\u00e3o veio para ser servido, <\/strong> <strong>\u00bb N\u00e3o para ser servido, mas para servir e dar a sua vida em resgate por muitos. \u00bb (Mt. 20:28)<\/strong><\/p>\n\n\n\n<p class=\"has-text-align-left\" style=\"line-height:1.6\"><strong>\u00ab Conscientes da responsabilidade que t\u00eam perante Deus, as Superiores aceitar\u00e3o o seu encargo na f\u00e9 e o desempenhar\u00e3o em esp\u00edrito de servi\u00e7o. \u00bb (Constitui\u00e7\u00f5es Art. 95)<\/strong><\/p>\n\n\n\n<p class=\"has-text-align-left\" style=\"line-height:1.6\"><strong><em>A lista seguinte indica os respons\u00e1veis de cada prov\u00edncia e as mudan\u00e7as que ocorreram recentemente\u2026 um momento de \u00abreconhecimento pelo que foi\u00bb, um momento de acolhimento e antecipa\u00e7\u00e3o na procura do futuro. Agradecemos a cada irm\u00e3 o seu \u00abSIM\u00bb em resposta ao chamamento ao servi\u00e7o de responsabilidade.<\/em><\/strong><\/p>\n\n\n\n<div class=\"wp-block-group is-horizontal is-nowrap is-layout-flex wp-container-core-group-is-layout-edc3bc78 wp-block-group-is-layout-flex\" style=\"line-height:1.6\">\n<p class=\"has-text-align-left\" style=\"font-size:14px;line-height:0\"><\/p>\n<\/div>\n\n\n\n<h3 class=\"wp-block-heading\">Reuni\u00e3o ... 27 de dezembro de 2025<\/h3>\n\n\n\n<div class=\"wp-block-columns is-layout-flex wp-container-core-columns-is-layout-28f84493 wp-block-columns-is-layout-flex\">\n<div class=\"wp-block-column is-vertically-aligned-top is-layout-flow wp-block-column-is-layout-flow\">\n<figure class=\"wp-block-image aligncenter size-full is-resized\"><img decoding=\"async\" width=\"135\" height=\"169\" src=\"https:\/\/www.sj-cluny.org\/wp-content\/uploads\/2026\/04\/2sr-charline1-.jpg\" alt=\"\" class=\"wp-image-6215\" style=\"object-fit:cover;width:135px;height:160px\" srcset=\"https:\/\/www.sj-cluny.org\/wp-content\/uploads\/2026\/04\/2sr-charline1-.jpg 135w, https:\/\/www.sj-cluny.org\/wp-content\/uploads\/2026\/04\/2sr-charline1--10x12.jpg 10w\" sizes=\"(max-width: 135px) 100vw, 135px\" \/><\/figure>\n\n\n\n<h4 class=\"wp-block-heading has-text-align-center\"><strong>Irm\u00e3 Charline RASOANANTENAINA<\/strong><\/h4>\n<\/div>\n\n\n\n<div class=\"wp-block-column is-vertically-aligned-center is-layout-flow wp-block-column-is-layout-flow\" style=\"line-height:1.5;flex-basis:250px\">\n<p class=\"has-text-align-left\" style=\"line-height:1.5\">A Irm\u00e3 Marie \u00c9gyptienne foi Provincial de Reuni\u00e3o durante os \u00faltimos 13 anos. A partir de 27 de dezembro de 2025, a Irm\u00e3 Charline RASOANANTENAINA iniciou um mandato de 4 anos como superiora regional de Reuni\u00e3o.<\/p>\n<\/div>\n\n\n\n<div class=\"wp-block-column is-layout-flow wp-block-column-is-layout-flow\">\n<figure class=\"wp-block-image aligncenter size-full is-resized\"><img decoding=\"async\" width=\"135\" height=\"160\" src=\"https:\/\/www.sj-cluny.org\/wp-content\/uploads\/2026\/04\/sr-marie-e-gyptienne-ramaharavo3-2-b37d7ff5c-2.jpg\" alt=\"\" class=\"wp-image-6216\" style=\"object-fit:cover;width:135px;height:160px\" srcset=\"https:\/\/www.sj-cluny.org\/wp-content\/uploads\/2026\/04\/sr-marie-e-gyptienne-ramaharavo3-2-b37d7ff5c-2.jpg 135w, https:\/\/www.sj-cluny.org\/wp-content\/uploads\/2026\/04\/sr-marie-e-gyptienne-ramaharavo3-2-b37d7ff5c-2-10x12.jpg 10w\" sizes=\"(max-width: 135px) 100vw, 135px\" \/><\/figure>\n\n\n\n<h4 class=\"wp-block-heading has-text-align-center\"><strong>Irm\u00e3 <strong>Marie \u00c9gyptienne RAMAHARAVO<\/strong><\/strong><\/h4>\n<\/div>\n<\/div>\n\n\n\n<h3 class=\"wp-block-heading has-text-align-left\">\u00cdndias Ocidentais\u2026 26 de agosto de 2025<\/h3>\n\n\n\n<div class=\"wp-block-columns is-layout-flex wp-container-core-columns-is-layout-28f84493 wp-block-columns-is-layout-flex\">\n<div class=\"wp-block-column is-layout-flow wp-block-column-is-layout-flow\" style=\"flex-basis:33.33%\">\n<figure class=\"wp-block-image aligncenter size-full is-resized is-style-default\"><img decoding=\"async\" width=\"135\" height=\"165\" src=\"https:\/\/www.sj-cluny.org\/wp-content\/uploads\/2026\/04\/maureen-for-web-2-0caafff5c-1.jpg\" alt=\"\" class=\"wp-image-6218\" style=\"object-fit:cover;width:135px;height:160px\" srcset=\"https:\/\/www.sj-cluny.org\/wp-content\/uploads\/2026\/04\/maureen-for-web-2-0caafff5c-1.jpg 135w, https:\/\/www.sj-cluny.org\/wp-content\/uploads\/2026\/04\/maureen-for-web-2-0caafff5c-1-10x12.jpg 10w\" sizes=\"(max-width: 135px) 100vw, 135px\" \/><\/figure>\n\n\n\n<h4 class=\"wp-block-heading has-text-align-center\"><strong>Irm\u00e3 Maureen Alexander<\/strong><\/h4>\n<\/div>\n\n\n\n<div class=\"wp-block-column is-vertically-aligned-center is-layout-flow wp-block-column-is-layout-flow\" style=\"flex-basis:66.66%\">\n<p>A Irm\u00e3 Maureen foi Provincial durante 4 anos e foi-lhe atribu\u00eddo um novo mandato de 4 anos a partir de 26 de agosto de 2025.<\/p>\n<\/div>\n<\/div>\n\n\n\n<h3 class=\"wp-block-heading\">West Africa ... 15 julho 2025<\/h3>\n\n\n\n<div class=\"wp-block-columns is-layout-flex wp-container-core-columns-is-layout-28f84493 wp-block-columns-is-layout-flex\">\n<div class=\"wp-block-column is-layout-flow wp-block-column-is-layout-flow\" style=\"flex-basis:33.33%\">\n<figure class=\"wp-block-image aligncenter size-full is-resized is-style-default\"><img loading=\"lazy\" decoding=\"async\" width=\"135\" height=\"178\" src=\"https:\/\/www.sj-cluny.org\/wp-content\/uploads\/2026\/04\/2angela-bangura200-92b38ff5c.jpg\" alt=\"\" class=\"wp-image-6219\" style=\"object-fit:cover;width:135px;height:160px\" srcset=\"https:\/\/www.sj-cluny.org\/wp-content\/uploads\/2026\/04\/2angela-bangura200-92b38ff5c.jpg 135w, https:\/\/www.sj-cluny.org\/wp-content\/uploads\/2026\/04\/2angela-bangura200-92b38ff5c-9x12.jpg 9w, https:\/\/www.sj-cluny.org\/wp-content\/uploads\/2026\/04\/2angela-bangura200-92b38ff5c-102x133.jpg 102w\" sizes=\"(max-width: 135px) 100vw, 135px\" \/><\/figure>\n\n\n\n<h4 class=\"wp-block-heading has-text-align-center\"><strong>Irm\u00e3 Angela Bangura<\/strong><\/h4>\n<\/div>\n\n\n\n<div class=\"wp-block-column is-vertically-aligned-center is-layout-flow wp-block-column-is-layout-flow\" style=\"flex-basis:66.66%\">\n<p>A Irm\u00e3 Angela foi Provincial durante 4 anos e foi reconduzida por mais 4 anos a partir de 15 de julho de 2025.<\/p>\n<\/div>\n<\/div>\n\n\n\n<h3 class=\"wp-block-heading\">\u00c1frica Central ... 12 maio, 2025<\/h3>\n\n\n\n<div class=\"wp-block-columns is-layout-flex wp-container-core-columns-is-layout-d7d455e7 wp-block-columns-is-layout-flex\" style=\"padding-top:0;padding-right:0;padding-bottom:0;padding-left:0\">\n<div class=\"wp-block-column is-layout-flow wp-block-column-is-layout-flow\">\n<figure class=\"wp-block-image aligncenter size-full is-resized\"><img loading=\"lazy\" decoding=\"async\" width=\"135\" height=\"144\" src=\"https:\/\/www.sj-cluny.org\/wp-content\/uploads\/2026\/04\/constance.jpg\" alt=\"\" class=\"wp-image-6223\" style=\"object-fit:cover;width:135px;height:160px\" srcset=\"https:\/\/www.sj-cluny.org\/wp-content\/uploads\/2026\/04\/constance.jpg 135w, https:\/\/www.sj-cluny.org\/wp-content\/uploads\/2026\/04\/constance-11x12.jpg 11w\" sizes=\"(max-width: 135px) 100vw, 135px\" \/><\/figure>\n\n\n\n<h4 class=\"wp-block-heading has-text-align-center\"><strong>Irm\u00e3 Constance Colombe Boussoukou<\/strong><\/h4>\n<\/div>\n\n\n\n<div class=\"wp-block-column is-vertically-aligned-center is-layout-flow wp-block-column-is-layout-flow\">\n<div class=\"wp-block-columns is-layout-flex wp-container-core-columns-is-layout-8a811f69 wp-block-columns-is-layout-flex\" style=\"border-style:none;border-width:0px;margin-top:0;margin-bottom:0;padding-top:0;padding-right:0;padding-bottom:0;padding-left:0\">\n<div class=\"wp-block-column is-layout-flow wp-container-core-column-is-layout-a4b105b9 wp-block-column-is-layout-flow\" style=\"padding-top:8;padding-right:8;padding-bottom:8;padding-left:8;flex-basis:100%\">\n<div class=\"wp-block-group is-content-justification-center is-layout-constrained wp-block-group-is-layout-constrained\">\n<p>A Irm\u00e3 Josiane foi Provincial da \u00c1frica Central durante os \u00faltimos 5 anos. A partir de 12 de maio de 2025, a Irm\u00e3 Constance foi nomeada Provincial.<\/p>\n<\/div>\n<\/div>\n<\/div>\n<\/div>\n\n\n\n<div class=\"wp-block-column is-layout-flow wp-block-column-is-layout-flow\">\n<figure class=\"wp-block-image aligncenter size-full is-resized\"><img loading=\"lazy\" decoding=\"async\" width=\"146\" height=\"200\" src=\"https:\/\/www.sj-cluny.org\/wp-content\/uploads\/2025\/05\/josian.jpg\" alt=\"\" class=\"wp-image-1750\" style=\"object-fit:cover;width:135px;height:160px\"\/><\/figure>\n\n\n\n<h4 class=\"wp-block-heading has-text-align-center\"><strong>Irm\u00e3 Josiane Moukoko<\/strong><\/h4>\n<\/div>\n<\/div>\n\n\n\n<h3 class=\"wp-block-heading\">Madag\u00e1scar ... 19 de mar\u00e7o de 2025<\/h3>\n\n\n\n<div class=\"wp-block-columns is-layout-flex wp-container-core-columns-is-layout-28f84493 wp-block-columns-is-layout-flex\">\n<div class=\"wp-block-column is-layout-flow wp-block-column-is-layout-flow\">\n<figure class=\"wp-block-image aligncenter size-full is-resized\"><img loading=\"lazy\" decoding=\"async\" width=\"100\" height=\"115\" src=\"https:\/\/www.sj-cluny.org\/wp-content\/uploads\/2026\/04\/1.jpg\" alt=\"\" class=\"wp-image-6226\" style=\"object-fit:cover;width:135px;height:160px\" srcset=\"https:\/\/www.sj-cluny.org\/wp-content\/uploads\/2026\/04\/1.jpg 100w, https:\/\/www.sj-cluny.org\/wp-content\/uploads\/2026\/04\/1-10x12.jpg 10w\" sizes=\"(max-width: 100px) 100vw, 100px\" \/><\/figure>\n\n\n\n<h4 class=\"wp-block-heading has-text-align-center\"><strong><strong>Irm\u00e3 <\/strong> Daniella Samuelson<\/strong><\/h4>\n<\/div>\n\n\n\n<div class=\"wp-block-column is-vertically-aligned-center is-layout-flow wp-block-column-is-layout-flow\">\n<p class=\"has-text-align-left\">A Irm\u00e3 Marie Adeline foi provincial de Madagasgar durante os \u00faltimos quatro anos. A partir de 19 de mar\u00e7o de 2025, a Irm\u00e3 Daniella iniciar\u00e1 um mandato de quatro anos como provincial.<\/p>\n<\/div>\n\n\n\n<div class=\"wp-block-column is-layout-flow wp-block-column-is-layout-flow\">\n<figure class=\"wp-block-image aligncenter size-full is-resized\"><img loading=\"lazy\" decoding=\"async\" width=\"135\" height=\"157\" src=\"https:\/\/www.sj-cluny.org\/wp-content\/uploads\/2026\/04\/marie-adeline.jpg\" alt=\"\" class=\"wp-image-6227\" style=\"object-fit:cover;width:135px;height:160px\" srcset=\"https:\/\/www.sj-cluny.org\/wp-content\/uploads\/2026\/04\/marie-adeline.jpg 135w, https:\/\/www.sj-cluny.org\/wp-content\/uploads\/2026\/04\/marie-adeline-10x12.jpg 10w\" sizes=\"(max-width: 135px) 100vw, 135px\" \/><\/figure>\n\n\n\n<h4 class=\"wp-block-heading has-text-align-center\"><strong>Irm\u00e3 Marie Adeline Ravaoarisoa<\/strong><\/h4>\n<\/div>\n<\/div>\n\n\n\n<h3 class=\"wp-block-heading\">Nordeste da \u00cdndia \/ Nepal ... 02 fevereiro 2025<\/h3>\n\n\n\n<div class=\"wp-block-columns is-layout-flex wp-container-core-columns-is-layout-28f84493 wp-block-columns-is-layout-flex\">\n<div class=\"wp-block-column is-layout-flow wp-block-column-is-layout-flow\">\n<figure class=\"wp-block-image aligncenter size-full is-resized\"><img loading=\"lazy\" decoding=\"async\" width=\"135\" height=\"174\" src=\"https:\/\/www.sj-cluny.org\/wp-content\/uploads\/2026\/04\/sr-eva.jpg\" alt=\"\" class=\"wp-image-6228\" style=\"object-fit:cover;width:135px;height:160px\" srcset=\"https:\/\/www.sj-cluny.org\/wp-content\/uploads\/2026\/04\/sr-eva.jpg 135w, https:\/\/www.sj-cluny.org\/wp-content\/uploads\/2026\/04\/sr-eva-9x12.jpg 9w\" sizes=\"(max-width: 135px) 100vw, 135px\" \/><\/figure>\n\n\n\n<h4 class=\"wp-block-heading has-text-align-center\"><strong>Irm\u00e3 Eva Anju Lakra<\/strong><\/h4>\n<\/div>\n\n\n\n<div class=\"wp-block-column is-vertically-aligned-center is-layout-flow wp-block-column-is-layout-flow\">\n<p class=\"has-text-align-left\">A Irm\u00e3 Edel serviu como Provincial do Nordeste da \u00cdndia \/ Nepal nos \u00faltimos 6 anos. A 02 de fevereiro de 2025, a Irm\u00e3 Eva Anju iniciou um mandato de 4 anos como Provincial.<\/p>\n<\/div>\n\n\n\n<div class=\"wp-block-column is-layout-flow wp-block-column-is-layout-flow\">\n<figure class=\"wp-block-image aligncenter size-full is-resized\"><img loading=\"lazy\" decoding=\"async\" width=\"135\" height=\"182\" src=\"https:\/\/www.sj-cluny.org\/wp-content\/uploads\/2026\/04\/2sr-edel.jpg\" alt=\"\" class=\"wp-image-6229\" style=\"object-fit:cover;width:135px;height:160px\" srcset=\"https:\/\/www.sj-cluny.org\/wp-content\/uploads\/2026\/04\/2sr-edel.jpg 135w, https:\/\/www.sj-cluny.org\/wp-content\/uploads\/2026\/04\/2sr-edel-9x12.jpg 9w\" sizes=\"(max-width: 135px) 100vw, 135px\" \/><\/figure>\n\n\n\n<h4 class=\"wp-block-heading has-text-align-center\"><strong>Irm\u00e3 Edel Rai<\/strong><\/h4>\n<\/div>\n<\/div>\n\n\n\n<h3 class=\"wp-block-heading\">Sudoeste da \u00cdndia (Bangalore) ... 2 de fevereiro de 2025<\/h3>\n\n\n\n<div class=\"wp-block-columns is-layout-flex wp-container-core-columns-is-layout-28f84493 wp-block-columns-is-layout-flex\">\n<div class=\"wp-block-column is-layout-flow wp-block-column-is-layout-flow\" style=\"flex-basis:33.33%\">\n<figure class=\"wp-block-image aligncenter size-full is-resized is-style-default\"><img loading=\"lazy\" decoding=\"async\" width=\"135\" height=\"165\" src=\"https:\/\/www.sj-cluny.org\/wp-content\/uploads\/2026\/04\/sr-annis.jpg\" alt=\"\" class=\"wp-image-6231\" style=\"object-fit:cover;width:135px;height:160px\" srcset=\"https:\/\/www.sj-cluny.org\/wp-content\/uploads\/2026\/04\/sr-annis.jpg 135w, https:\/\/www.sj-cluny.org\/wp-content\/uploads\/2026\/04\/sr-annis-10x12.jpg 10w\" sizes=\"(max-width: 135px) 100vw, 135px\" \/><\/figure>\n\n\n\n<h4 class=\"wp-block-heading has-text-align-center\"><strong>Irm\u00e3 Annis Kallarackal<\/strong><\/h4>\n<\/div>\n\n\n\n<div class=\"wp-block-column is-vertically-aligned-center is-layout-flow wp-block-column-is-layout-flow\" style=\"flex-basis:66.66%\">\n<p>A Irm\u00e3 Annis foi Provincial durante 4 anos e foi reconduzida por mais 4 anos a partir de 2 de fevereiro de 2025.<\/p>\n<\/div>\n<\/div>\n\n\n\n<h3 class=\"wp-block-heading\">Centro-Sul da \u00cdndia (Salem) ... 15 de janeiro de 2025<\/h3>\n\n\n\n<div class=\"wp-block-columns is-layout-flex wp-container-core-columns-is-layout-28f84493 wp-block-columns-is-layout-flex\">\n<div class=\"wp-block-column is-layout-flow wp-block-column-is-layout-flow\">\n<figure class=\"wp-block-image aligncenter size-full is-resized\"><img loading=\"lazy\" decoding=\"async\" width=\"135\" height=\"170\" src=\"https:\/\/www.sj-cluny.org\/wp-content\/uploads\/2026\/04\/sr-lourdumary.jpg\" alt=\"\" class=\"wp-image-6232\" style=\"object-fit:cover;width:135px;height:160px\" srcset=\"https:\/\/www.sj-cluny.org\/wp-content\/uploads\/2026\/04\/sr-lourdumary.jpg 135w, https:\/\/www.sj-cluny.org\/wp-content\/uploads\/2026\/04\/sr-lourdumary-10x12.jpg 10w\" sizes=\"(max-width: 135px) 100vw, 135px\" \/><\/figure>\n\n\n\n<h4 class=\"wp-block-heading has-text-align-center\"><strong>Irm\u00e3 Lourdumary Selvara<\/strong><\/h4>\n<\/div>\n\n\n\n<div class=\"wp-block-column is-vertically-aligned-center is-layout-flow wp-block-column-is-layout-flow\">\n<p class=\"has-text-align-left\">A Irm\u00e3 Norah foi Provincial do Centro-Sul da \u00cdndia (Salem) durante 8 anos. A 15 de janeiro de 2025, a Irm\u00e3 Lourdumary iniciou um mandato de 4 anos como Provincial.<\/p>\n<\/div>\n\n\n\n<div class=\"wp-block-column is-layout-flow wp-block-column-is-layout-flow\">\n<figure class=\"wp-block-image aligncenter size-full is-resized\"><img loading=\"lazy\" decoding=\"async\" width=\"135\" height=\"174\" src=\"https:\/\/www.sj-cluny.org\/wp-content\/uploads\/2026\/04\/sr-nora.jpg\" alt=\"\" class=\"wp-image-6233\" style=\"object-fit:cover;width:135px;height:160px\" srcset=\"https:\/\/www.sj-cluny.org\/wp-content\/uploads\/2026\/04\/sr-nora.jpg 135w, https:\/\/www.sj-cluny.org\/wp-content\/uploads\/2026\/04\/sr-nora-9x12.jpg 9w\" sizes=\"(max-width: 135px) 100vw, 135px\" \/><\/figure>\n\n\n\n<h4 class=\"wp-block-heading has-text-align-center\"><strong>Irm\u00e3 Norah Alunkal<\/strong><\/h4>\n<\/div>\n<\/div>\n\n\n\n<h3 class=\"wp-block-heading\">Sudeste da \u00cdndia (Pondicherry) ... 12 janeiro, 2025<\/h3>\n\n\n\n<div class=\"wp-block-columns is-layout-flex wp-container-core-columns-is-layout-28f84493 wp-block-columns-is-layout-flex\">\n<div class=\"wp-block-column is-layout-flow wp-block-column-is-layout-flow\" style=\"flex-basis:33.33%\">\n<figure class=\"wp-block-image aligncenter size-full is-resized is-style-default\"><img loading=\"lazy\" decoding=\"async\" width=\"135\" height=\"139\" src=\"https:\/\/www.sj-cluny.org\/wp-content\/uploads\/2026\/04\/sr-bernadette-2.jpg\" alt=\"\" class=\"wp-image-6237\" style=\"object-fit:cover;width:135px;height:160px\" srcset=\"https:\/\/www.sj-cluny.org\/wp-content\/uploads\/2026\/04\/sr-bernadette-2.jpg 135w, https:\/\/www.sj-cluny.org\/wp-content\/uploads\/2026\/04\/sr-bernadette-2-12x12.jpg 12w\" sizes=\"(max-width: 135px) 100vw, 135px\" \/><\/figure>\n\n\n\n<h4 class=\"wp-block-heading has-text-align-center\"><strong>Irm\u00e3 Lorraine Pinto<\/strong><\/h4>\n<\/div>\n\n\n\n<div class=\"wp-block-column is-vertically-aligned-center is-layout-flow wp-block-column-is-layout-flow\" style=\"flex-basis:66.66%\">\n<p>A 12 de janeiro de 2021, a Irm\u00e3 Lorraine iniciou um mandato de 4 anos como Provincial da \u00cdndia Sudeste. A 12 de janeiro deste ano, recebeu um novo mandato de 4 anos.<\/p>\n<\/div>\n<\/div>\n\n\n\n<h3 class=\"wp-block-heading\">&nbsp; EUA \/ Canad\u00e1 ... 11 novembro, 2024<\/h3>\n\n\n\n<div class=\"wp-block-columns is-layout-flex wp-container-core-columns-is-layout-28f84493 wp-block-columns-is-layout-flex\">\n<div class=\"wp-block-column is-layout-flow wp-block-column-is-layout-flow\" style=\"flex-basis:33.33%\">\n<figure class=\"wp-block-image aligncenter size-full is-resized is-style-default\"><img loading=\"lazy\" decoding=\"async\" width=\"135\" height=\"175\" src=\"https:\/\/www.sj-cluny.org\/wp-content\/uploads\/2026\/04\/genevive.jpg\" alt=\"\" class=\"wp-image-6235\" style=\"object-fit:cover;width:135px;height:160px\" srcset=\"https:\/\/www.sj-cluny.org\/wp-content\/uploads\/2026\/04\/genevive.jpg 135w, https:\/\/www.sj-cluny.org\/wp-content\/uploads\/2026\/04\/genevive-9x12.jpg 9w, https:\/\/www.sj-cluny.org\/wp-content\/uploads\/2026\/04\/genevive-102x133.jpg 102w\" sizes=\"(max-width: 135px) 100vw, 135px\" \/><\/figure>\n\n\n\n<h4 class=\"wp-block-heading has-text-align-center\"><strong>Irm\u00e3 Genevieve Marie Vigil<\/strong><\/h4>\n<\/div>\n\n\n\n<div class=\"wp-block-column is-vertically-aligned-center is-layout-flow wp-block-column-is-layout-flow\" style=\"flex-basis:66.66%\">\n<p>A Irm\u00e3 Genevi\u00e8ve Marie foi Provincial durante 4 anos e foi-lhe confiado um novo mandato de 4 anos a partir de 11 de novembro de 2024.<\/p>\n<\/div>\n<\/div>\n\n\n\n<h3 class=\"wp-block-heading\">&nbsp; Portugal ... 11 de novembro de 2024<\/h3>\n\n\n\n<div class=\"wp-block-columns is-layout-flex wp-container-core-columns-is-layout-28f84493 wp-block-columns-is-layout-flex\">\n<div class=\"wp-block-column is-layout-flow wp-block-column-is-layout-flow\" style=\"flex-basis:33.33%\">\n<figure class=\"wp-block-image aligncenter size-full is-resized is-style-default\"><img loading=\"lazy\" decoding=\"async\" width=\"135\" height=\"163\" src=\"https:\/\/www.sj-cluny.org\/wp-content\/uploads\/2026\/04\/port-maria-machado-2fddf711c.jpg\" alt=\"\" class=\"wp-image-6238\" style=\"object-fit:cover;width:135px;height:160px\" srcset=\"https:\/\/www.sj-cluny.org\/wp-content\/uploads\/2026\/04\/port-maria-machado-2fddf711c.jpg 135w, https:\/\/www.sj-cluny.org\/wp-content\/uploads\/2026\/04\/port-maria-machado-2fddf711c-10x12.jpg 10w\" sizes=\"(max-width: 135px) 100vw, 135px\" \/><\/figure>\n\n\n\n<h4 class=\"wp-block-heading has-text-align-center\"><strong>Irm\u00e3 Maria de F\u00e1tima Machado<\/strong><\/h4>\n<\/div>\n\n\n\n<div class=\"wp-block-column is-vertically-aligned-center is-layout-flow wp-block-column-is-layout-flow\" style=\"flex-basis:66.66%\">\n<p>A Irm\u00e3 Maria de F\u00e1tima \u00e9 Provincial de Portugal h\u00e1 oito anos e continuar\u00e1 no seu cargo de dire\u00e7\u00e3o por mais quatro anos, a partir de 11 de novembro de 2024.<\/p>\n<\/div>\n<\/div>\n\n\n\n<h3 class=\"wp-block-heading\">Guin\u00e9 ... 11 de novembro de 2024<\/h3>\n\n\n\n<div class=\"wp-block-columns is-layout-flex wp-container-core-columns-is-layout-28f84493 wp-block-columns-is-layout-flex\">\n<div class=\"wp-block-column is-layout-flow wp-block-column-is-layout-flow\" style=\"flex-basis:33.33%\">\n<figure class=\"wp-block-image aligncenter size-full is-resized is-style-default\"><img loading=\"lazy\" decoding=\"async\" width=\"135\" height=\"170\" src=\"https:\/\/www.sj-cluny.org\/wp-content\/uploads\/2026\/04\/2marie-louise-guinee-9e1e5711c.jpg\" alt=\"\" class=\"wp-image-6239\" style=\"object-fit:cover;width:135px;height:160px\" srcset=\"https:\/\/www.sj-cluny.org\/wp-content\/uploads\/2026\/04\/2marie-louise-guinee-9e1e5711c.jpg 135w, https:\/\/www.sj-cluny.org\/wp-content\/uploads\/2026\/04\/2marie-louise-guinee-9e1e5711c-10x12.jpg 10w\" sizes=\"(max-width: 135px) 100vw, 135px\" \/><\/figure>\n\n\n\n<h4 class=\"wp-block-heading has-text-align-center\"><strong><strong>Irm\u00e3 <\/strong>Marie Louise Barry<\/strong><\/h4>\n<\/div>\n\n\n\n<div class=\"wp-block-column is-vertically-aligned-center is-layout-flow wp-block-column-is-layout-flow\" style=\"flex-basis:66.66%\">\n<p>Em 11 de novembro de 2024, ap\u00f3s o seu terceiro mandato, a Irm\u00e3 Marie Louise foi reconduzida no cargo por mais dois anos.<\/p>\n<\/div>\n<\/div>\n\n\n\n<h3 class=\"wp-block-heading\">Seicheles \/ Tanz\u00e2nia ... 1 de maio de 2024<\/h3>\n\n\n\n<div class=\"wp-block-columns is-layout-flex wp-container-core-columns-is-layout-28f84493 wp-block-columns-is-layout-flex\">\n<div class=\"wp-block-column is-layout-flow wp-block-column-is-layout-flow\" style=\"flex-basis:33.33%\">\n<figure class=\"wp-block-image aligncenter size-full is-resized is-style-default\"><img loading=\"lazy\" decoding=\"async\" width=\"135\" height=\"153\" src=\"https:\/\/www.sj-cluny.org\/wp-content\/uploads\/2026\/04\/17-sister-anne-faure-2-206e3ff5c.jpg\" alt=\"\" class=\"wp-image-6241\" style=\"object-fit:cover;width:135px;height:160px\" srcset=\"https:\/\/www.sj-cluny.org\/wp-content\/uploads\/2026\/04\/17-sister-anne-faure-2-206e3ff5c.jpg 135w, https:\/\/www.sj-cluny.org\/wp-content\/uploads\/2026\/04\/17-sister-anne-faure-2-206e3ff5c-11x12.jpg 11w\" sizes=\"(max-width: 135px) 100vw, 135px\" \/><\/figure>\n\n\n\n<h4 class=\"wp-block-heading has-text-align-center\"><strong>Irm\u00e3 Anne Faure<\/strong><\/h4>\n<\/div>\n\n\n\n<div class=\"wp-block-column is-vertically-aligned-center is-layout-flow wp-block-column-is-layout-flow\" style=\"flex-basis:66.66%\">\n<p>A Irm\u00e3 Anne foi Provincial das Seicheles \/ Tanz\u00e2nia durante os \u00faltimos 4 anos. A 1 de maio de 2024, recebeu um novo mandato de 4 anos.<\/p>\n<\/div>\n<\/div>\n\n\n\n<h3 class=\"wp-block-heading\">Antilles \/ Guiana ... 19 de mar\u00e7o de 2024<\/h3>\n\n\n\n<div class=\"wp-block-columns is-layout-flex wp-container-core-columns-is-layout-28f84493 wp-block-columns-is-layout-flex\">\n<div class=\"wp-block-column is-layout-flow wp-block-column-is-layout-flow\">\n<figure class=\"wp-block-image aligncenter size-full is-resized\"><img loading=\"lazy\" decoding=\"async\" width=\"135\" height=\"163\" src=\"https:\/\/www.sj-cluny.org\/wp-content\/uploads\/2026\/04\/p-7a11bff5c.jpg\" alt=\"\" class=\"wp-image-6244\" style=\"object-fit:cover;width:135px;height:160px\" srcset=\"https:\/\/www.sj-cluny.org\/wp-content\/uploads\/2026\/04\/p-7a11bff5c.jpg 135w, https:\/\/www.sj-cluny.org\/wp-content\/uploads\/2026\/04\/p-7a11bff5c-10x12.jpg 10w\" sizes=\"(max-width: 135px) 100vw, 135px\" \/><\/figure>\n\n\n\n<h4 class=\"wp-block-heading has-text-align-center\"><strong>Irm\u00e3 V\u00e9ronique Joseph<\/strong><\/h4>\n<\/div>\n\n\n\n<div class=\"wp-block-column is-vertically-aligned-center is-layout-flow wp-block-column-is-layout-flow\">\n<p class=\"has-text-align-left\">A Irm\u00e3 Joseph-Marie foi Superiora Provincial das Antilhas\/Guiana durante 4 anos. A 19 de mar\u00e7o de 2024, a Irm\u00e3 V\u00e9ronique iniciou um mandato de 4 anos como Superiora Provincial.<\/p>\n<\/div>\n\n\n\n<div class=\"wp-block-column is-layout-flow wp-block-column-is-layout-flow\">\n<figure class=\"wp-block-image aligncenter size-full is-resized\"><img loading=\"lazy\" decoding=\"async\" width=\"135\" height=\"184\" src=\"https:\/\/www.sj-cluny.org\/wp-content\/uploads\/2026\/04\/m-6116cff5c.jpg\" alt=\"\" class=\"wp-image-6245\" style=\"object-fit:cover;width:135px;height:160px\" srcset=\"https:\/\/www.sj-cluny.org\/wp-content\/uploads\/2026\/04\/m-6116cff5c.jpg 135w, https:\/\/www.sj-cluny.org\/wp-content\/uploads\/2026\/04\/m-6116cff5c-9x12.jpg 9w\" sizes=\"(max-width: 135px) 100vw, 135px\" \/><\/figure>\n\n\n\n<h4 class=\"wp-block-heading has-text-align-center\"><strong>Irm\u00e3 Joseph-Marie Calvaire<\/strong><\/h4>\n<\/div>\n<\/div>\n\n\n\n<h3 class=\"wp-block-heading\">Brasil ... 25 de janeiro de 2024<\/h3>\n\n\n\n<div class=\"wp-block-columns is-layout-flex wp-container-core-columns-is-layout-28f84493 wp-block-columns-is-layout-flex\">\n<div class=\"wp-block-column is-layout-flow wp-block-column-is-layout-flow\" style=\"flex-basis:33.33%\">\n<figure class=\"wp-block-image aligncenter size-full is-resized is-style-default\"><img loading=\"lazy\" decoding=\"async\" width=\"135\" height=\"179\" src=\"https:\/\/www.sj-cluny.org\/wp-content\/uploads\/2026\/04\/braz-2-1a20aff5c.jpg\" alt=\"\" class=\"wp-image-6246\" style=\"object-fit:cover;width:135px;height:160px\" srcset=\"https:\/\/www.sj-cluny.org\/wp-content\/uploads\/2026\/04\/braz-2-1a20aff5c.jpg 135w, https:\/\/www.sj-cluny.org\/wp-content\/uploads\/2026\/04\/braz-2-1a20aff5c-9x12.jpg 9w\" sizes=\"(max-width: 135px) 100vw, 135px\" \/><\/figure>\n\n\n\n<h4 class=\"wp-block-heading has-text-align-center\"><strong>Irm\u00e3 Maria Aparecida Rodrigues<\/strong><\/h4>\n<\/div>\n\n\n\n<div class=\"wp-block-column is-vertically-aligned-center is-layout-flow wp-block-column-is-layout-flow\" style=\"flex-basis:66.66%\">\n<p>No dia 25 de janeiro de 2020, a Irm\u00e3 Maria Aparecida iniciou um mandato de 4 anos como Vice-Provincial. A 25 de janeiro deste ano, recebeu um novo mandato de 4 anos.<\/p>\n<\/div>\n<\/div>\n\n\n\n<h3 class=\"wp-block-heading\">&nbsp;Angola \/ Guin\u00e9-Bissau \/ Nam\u00edbia ... 8 de dezembro de 2023<\/h3>\n\n\n\n<div class=\"wp-block-columns is-layout-flex wp-container-core-columns-is-layout-28f84493 wp-block-columns-is-layout-flex\">\n<div class=\"wp-block-column is-layout-flow wp-block-column-is-layout-flow\">\n<figure class=\"wp-block-image aligncenter size-full is-resized\"><img loading=\"lazy\" decoding=\"async\" width=\"135\" height=\"180\" src=\"https:\/\/www.sj-cluny.org\/wp-content\/uploads\/2026\/04\/1-2-917ebff5c.jpg\" alt=\"\" class=\"wp-image-6247\" style=\"object-fit:cover;width:135px;height:160px\" srcset=\"https:\/\/www.sj-cluny.org\/wp-content\/uploads\/2026\/04\/1-2-917ebff5c.jpg 135w, https:\/\/www.sj-cluny.org\/wp-content\/uploads\/2026\/04\/1-2-917ebff5c-9x12.jpg 9w\" sizes=\"(max-width: 135px) 100vw, 135px\" \/><\/figure>\n\n\n\n<h4 class=\"wp-block-heading has-text-align-center\"><strong><strong>Irm\u00e3<\/strong> Etelvina Lili Amadeu<\/strong><\/h4>\n<\/div>\n\n\n\n<div class=\"wp-block-column is-vertically-aligned-center is-layout-flow wp-block-column-is-layout-flow\">\n<p class=\"has-text-align-left\">A Irm\u00e3 Rita serviu como Provincial de Angola nos \u00faltimos 5 anos. A 8 de dezembro de 2023, a Irm\u00e3 Etelvina Lili iniciou um mandato de 4 anos como Provincial.<\/p>\n<\/div>\n\n\n\n<div class=\"wp-block-column is-layout-flow wp-block-column-is-layout-flow\">\n<figure class=\"wp-block-image aligncenter size-full is-resized\"><img loading=\"lazy\" decoding=\"async\" width=\"150\" height=\"185\" src=\"https:\/\/www.sj-cluny.org\/wp-content\/uploads\/2026\/04\/2ritadorosario3-2-e8f9fff5c.jpg\" alt=\"\" class=\"wp-image-6249\" style=\"object-fit:cover;width:135px;height:160px\" srcset=\"https:\/\/www.sj-cluny.org\/wp-content\/uploads\/2026\/04\/2ritadorosario3-2-e8f9fff5c.jpg 150w, https:\/\/www.sj-cluny.org\/wp-content\/uploads\/2026\/04\/2ritadorosario3-2-e8f9fff5c-10x12.jpg 10w\" sizes=\"(max-width: 150px) 100vw, 150px\" \/><\/figure>\n\n\n\n<h4 class=\"wp-block-heading has-text-align-center\"><strong>Irm\u00e3 Rita do Ros\u00e1rio<\/strong><\/h4>\n<\/div>\n<\/div>\n\n\n\n<h3 class=\"wp-block-heading\">&nbsp;\u00cdndia do Sul (Trichy) ... 11 novembro, 2023<\/h3>\n\n\n\n<div class=\"wp-block-columns is-layout-flex wp-container-core-columns-is-layout-28f84493 wp-block-columns-is-layout-flex\">\n<div class=\"wp-block-column is-layout-flow wp-block-column-is-layout-flow\">\n<figure class=\"wp-block-image aligncenter size-full is-resized\"><img loading=\"lazy\" decoding=\"async\" width=\"135\" height=\"138\" src=\"https:\/\/www.sj-cluny.org\/wp-content\/uploads\/2026\/04\/agnes-2-789f4ff5c.jpg\" alt=\"\" class=\"wp-image-6250\" style=\"object-fit:cover;width:135px;height:160px\" srcset=\"https:\/\/www.sj-cluny.org\/wp-content\/uploads\/2026\/04\/agnes-2-789f4ff5c.jpg 135w, https:\/\/www.sj-cluny.org\/wp-content\/uploads\/2026\/04\/agnes-2-789f4ff5c-12x12.jpg 12w\" sizes=\"(max-width: 135px) 100vw, 135px\" \/><\/figure>\n\n\n\n<h4 class=\"wp-block-heading has-text-align-center\"><strong><strong>Irm\u00e3<\/strong> Agn\u00e8s Antonimuthu<\/strong><\/h4>\n<\/div>\n\n\n\n<div class=\"wp-block-column is-vertically-aligned-center is-layout-flow wp-block-column-is-layout-flow\">\n<p class=\"has-text-align-left\">A Irm\u00e3 Rosary foi Provincial da \u00cdndia Meridional durante 8 anos. A 11 de novembro de 2023, a Irm\u00e3 Agn\u00e8s iniciou um mandato de 4 anos como Provincial.<\/p>\n<\/div>\n\n\n\n<div class=\"wp-block-column is-layout-flow wp-block-column-is-layout-flow\">\n<figure class=\"wp-block-image aligncenter size-full is-resized\"><img loading=\"lazy\" decoding=\"async\" width=\"137\" height=\"166\" src=\"https:\/\/www.sj-cluny.org\/wp-content\/uploads\/2026\/04\/2rosary-chinnappan-2-6f731ff5c.jpg\" alt=\"\" class=\"wp-image-6252\" style=\"object-fit:cover;width:135px;height:160px\" srcset=\"https:\/\/www.sj-cluny.org\/wp-content\/uploads\/2026\/04\/2rosary-chinnappan-2-6f731ff5c.jpg 137w, https:\/\/www.sj-cluny.org\/wp-content\/uploads\/2026\/04\/2rosary-chinnappan-2-6f731ff5c-10x12.jpg 10w\" sizes=\"(max-width: 137px) 100vw, 137px\" \/><\/figure>\n\n\n\n<h4 class=\"wp-block-heading has-text-align-center\"><strong>Irm\u00e3 Rosary Chinnappan<\/strong><\/h4>\n<\/div>\n<\/div>\n\n\n\n<h3 class=\"wp-block-heading\">&nbsp;Mo\u00e7ambique ... 7 de outubro de 2023<\/h3>\n\n\n\n<div class=\"wp-block-columns is-layout-flex wp-container-core-columns-is-layout-28f84493 wp-block-columns-is-layout-flex\">\n<div class=\"wp-block-column is-layout-flow wp-block-column-is-layout-flow\" style=\"flex-basis:33.33%\">\n<figure class=\"wp-block-image aligncenter size-full is-resized is-style-default\"><img loading=\"lazy\" decoding=\"async\" width=\"135\" height=\"178\" src=\"https:\/\/www.sj-cluny.org\/wp-content\/uploads\/2026\/04\/13-sr-veronica-tyimuma-6-68e8eff5c-1.jpg\" alt=\"\" class=\"wp-image-6253\" style=\"object-fit:cover;width:135px;height:160px\" srcset=\"https:\/\/www.sj-cluny.org\/wp-content\/uploads\/2026\/04\/13-sr-veronica-tyimuma-6-68e8eff5c-1.jpg 135w, https:\/\/www.sj-cluny.org\/wp-content\/uploads\/2026\/04\/13-sr-veronica-tyimuma-6-68e8eff5c-1-9x12.jpg 9w, https:\/\/www.sj-cluny.org\/wp-content\/uploads\/2026\/04\/13-sr-veronica-tyimuma-6-68e8eff5c-1-102x133.jpg 102w\" sizes=\"(max-width: 135px) 100vw, 135px\" \/><\/figure>\n\n\n\n<h4 class=\"wp-block-heading has-text-align-center\"><strong><strong>Irm\u00e3<\/strong> Veronica Tyimuma<\/strong><\/h4>\n<\/div>\n\n\n\n<div class=\"wp-block-column is-vertically-aligned-center is-layout-flow wp-block-column-is-layout-flow\" style=\"flex-basis:66.66%\">\n<p>A 7 de outubro de 2019, a Irm\u00e3 Ver\u00f3nica iniciou um mandato de 4 anos como regional e foi-lhe atribu\u00eddo um novo mandato de 4 anos a partir de 7 de outubro de 2023.<\/p>\n<\/div>\n<\/div>\n\n\n\n<h3 class=\"wp-block-heading\">&nbsp;Norte da \u00cdndia - Plan\u00edcies (Chandanager) .... 11 de agosto de 2023<\/h3>\n\n\n\n<div class=\"wp-block-columns is-layout-flex wp-container-core-columns-is-layout-28f84493 wp-block-columns-is-layout-flex\">\n<div class=\"wp-block-column is-layout-flow wp-block-column-is-layout-flow\">\n<figure class=\"wp-block-image aligncenter size-full is-resized\"><img loading=\"lazy\" decoding=\"async\" width=\"196\" height=\"175\" src=\"https:\/\/www.sj-cluny.org\/wp-content\/uploads\/2026\/04\/sylvia-3-13936ff5c-2.jpg\" alt=\"\" class=\"wp-image-6257\" style=\"object-fit:cover;width:135px;height:160px\" srcset=\"https:\/\/www.sj-cluny.org\/wp-content\/uploads\/2026\/04\/sylvia-3-13936ff5c-2.jpg 196w, https:\/\/www.sj-cluny.org\/wp-content\/uploads\/2026\/04\/sylvia-3-13936ff5c-2-13x12.jpg 13w\" sizes=\"(max-width: 196px) 100vw, 196px\" \/><\/figure>\n\n\n\n<h4 class=\"wp-block-heading has-text-align-center\"><strong>Irm\u00e3 Sylvia Kallampallil<\/strong><\/h4>\n<\/div>\n\n\n\n<div class=\"wp-block-column is-vertically-aligned-center is-layout-flow wp-block-column-is-layout-flow\">\n<p class=\"has-text-align-left\">A Irm\u00e3 Anselm foi Provincial do Norte da \u00cdndia - Plan\u00edcies durante 8 anos. A 11 de agosto de 2023, a Irm\u00e3 Sylvia iniciou um mandato de 4 anos como Provincial.<\/p>\n<\/div>\n\n\n\n<div class=\"wp-block-column is-layout-flow wp-block-column-is-layout-flow\">\n<figure class=\"wp-block-image aligncenter size-full is-resized\"><img loading=\"lazy\" decoding=\"async\" width=\"135\" height=\"188\" src=\"https:\/\/www.sj-cluny.org\/wp-content\/uploads\/2026\/04\/sr-anselm-alunkal-2-2a794ff5c.jpg\" alt=\"\" class=\"wp-image-6255\" style=\"object-fit:cover;width:135px;height:160px\" srcset=\"https:\/\/www.sj-cluny.org\/wp-content\/uploads\/2026\/04\/sr-anselm-alunkal-2-2a794ff5c.jpg 135w, https:\/\/www.sj-cluny.org\/wp-content\/uploads\/2026\/04\/sr-anselm-alunkal-2-2a794ff5c-9x12.jpg 9w\" sizes=\"(max-width: 135px) 100vw, 135px\" \/><\/figure>\n\n\n\n<h4 class=\"wp-block-heading has-text-align-center\"><strong>Irm\u00e3 Anselm Alunkal<\/strong><\/h4>\n<\/div>\n<\/div>\n\n\n\n<h3 class=\"wp-block-heading\">&nbsp;Paraguai\/Argentina ... 9 de janeiro de 2023<\/h3>\n\n\n\n<div class=\"wp-block-columns is-layout-flex wp-container-core-columns-is-layout-28f84493 wp-block-columns-is-layout-flex\">\n<div class=\"wp-block-column is-layout-flow wp-block-column-is-layout-flow\" style=\"flex-basis:33.33%\">\n<figure class=\"wp-block-image aligncenter size-full is-resized is-style-default\"><img loading=\"lazy\" decoding=\"async\" width=\"135\" height=\"190\" src=\"https:\/\/www.sj-cluny.org\/wp-content\/uploads\/2026\/04\/sor-maria-jesus-garcia-2-b460bff5c-3.jpg\" alt=\"\" class=\"wp-image-6261\" style=\"object-fit:cover;width:135px;height:160px\" srcset=\"https:\/\/www.sj-cluny.org\/wp-content\/uploads\/2026\/04\/sor-maria-jesus-garcia-2-b460bff5c-3.jpg 135w, https:\/\/www.sj-cluny.org\/wp-content\/uploads\/2026\/04\/sor-maria-jesus-garcia-2-b460bff5c-3-9x12.jpg 9w\" sizes=\"(max-width: 135px) 100vw, 135px\" \/><\/figure>\n\n\n\n<h4 class=\"wp-block-heading has-text-align-center\"><strong>Irm\u00e3 Maria Jes\u00fas Garcia<\/strong><\/h4>\n<\/div>\n\n\n\n<div class=\"wp-block-column is-vertically-aligned-center is-layout-flow wp-block-column-is-layout-flow\" style=\"flex-basis:66.66%\">\n<p>A Irm\u00e3 Maria Jes\u00fas foi Superiora Regional do Paraguai\/Argentina durante 4 anos e foi-lhe atribu\u00eddo um novo mandato de 4 anos a partir de 9 de janeiro de 2023.<\/p>\n<\/div>\n<\/div>\n\n\n\n<h3 class=\"wp-block-heading\">&nbsp;Nova Zel\u00e2ndia\/Filipinas ... 21 de dezembro de 2022<\/h3>\n\n\n\n<div class=\"wp-block-columns is-layout-flex wp-container-core-columns-is-layout-28f84493 wp-block-columns-is-layout-flex\">\n<div class=\"wp-block-column is-layout-flow wp-block-column-is-layout-flow\">\n<figure class=\"wp-block-image aligncenter size-full is-resized\"><img loading=\"lazy\" decoding=\"async\" width=\"135\" height=\"162\" src=\"https:\/\/www.sj-cluny.org\/wp-content\/uploads\/2026\/04\/luisita-5-c670dff5c-1.jpg\" alt=\"\" class=\"wp-image-6263\" style=\"object-fit:cover;width:135px;height:160px\" srcset=\"https:\/\/www.sj-cluny.org\/wp-content\/uploads\/2026\/04\/luisita-5-c670dff5c-1.jpg 135w, https:\/\/www.sj-cluny.org\/wp-content\/uploads\/2026\/04\/luisita-5-c670dff5c-1-10x12.jpg 10w\" sizes=\"(max-width: 135px) 100vw, 135px\" \/><\/figure>\n\n\n\n<h4 class=\"wp-block-heading has-text-align-center\"><strong><strong>Irm\u00e3 <\/strong> Luisita Tongson<\/strong><\/h4>\n<\/div>\n\n\n\n<div class=\"wp-block-column is-vertically-aligned-center is-layout-flow wp-block-column-is-layout-flow\">\n<p class=\"has-text-align-left\">A Irm\u00e3 Allison foi Provincial da Nova Zel\u00e2ndia\/Filipinas durante 12 anos. A 21 de dezembro de 2022, a Irm\u00e3 Luisita inicia um mandato de 4 anos como Provincial.<\/p>\n<\/div>\n\n\n\n<div class=\"wp-block-column is-layout-flow wp-block-column-is-layout-flow\">\n<figure class=\"wp-block-image aligncenter size-full is-resized\"><img loading=\"lazy\" decoding=\"async\" width=\"135\" height=\"178\" src=\"https:\/\/www.sj-cluny.org\/wp-content\/uploads\/2026\/04\/12-allison-2-65a91ff5c.jpg\" alt=\"\" class=\"wp-image-6264\" style=\"object-fit:cover;width:135px;height:160px\" srcset=\"https:\/\/www.sj-cluny.org\/wp-content\/uploads\/2026\/04\/12-allison-2-65a91ff5c.jpg 135w, https:\/\/www.sj-cluny.org\/wp-content\/uploads\/2026\/04\/12-allison-2-65a91ff5c-9x12.jpg 9w, https:\/\/www.sj-cluny.org\/wp-content\/uploads\/2026\/04\/12-allison-2-65a91ff5c-102x133.jpg 102w\" sizes=\"(max-width: 135px) 100vw, 135px\" \/><\/figure>\n\n\n\n<h4 class=\"wp-block-heading has-text-align-center\"><strong>Irm\u00e3 Allison Macalister<\/strong><\/h4>\n<\/div>\n<\/div>\n\n\n\n<h3 class=\"wp-block-heading\">&nbsp;Peru\/Cuba ... 8 de dezembro de 2022<\/h3>\n\n\n\n<div class=\"wp-block-columns is-layout-flex wp-container-core-columns-is-layout-28f84493 wp-block-columns-is-layout-flex\">\n<div class=\"wp-block-column is-layout-flow wp-block-column-is-layout-flow\">\n<figure class=\"wp-block-image aligncenter size-full is-resized\"><img loading=\"lazy\" decoding=\"async\" width=\"135\" height=\"170\" src=\"https:\/\/www.sj-cluny.org\/wp-content\/uploads\/2026\/04\/sr-amelia-e67c3ff5c.jpg\" alt=\"\" class=\"wp-image-6265\" style=\"object-fit:cover;width:135px;height:160px\" srcset=\"https:\/\/www.sj-cluny.org\/wp-content\/uploads\/2026\/04\/sr-amelia-e67c3ff5c.jpg 135w, https:\/\/www.sj-cluny.org\/wp-content\/uploads\/2026\/04\/sr-amelia-e67c3ff5c-10x12.jpg 10w\" sizes=\"(max-width: 135px) 100vw, 135px\" \/><\/figure>\n\n\n\n<h4 class=\"wp-block-heading has-text-align-center\"><strong>Irm\u00e3 Amelia D\u00edaz C\u00f3rdova<\/strong><\/h4>\n<\/div>\n\n\n\n<div class=\"wp-block-column is-vertically-aligned-center is-layout-flow wp-block-column-is-layout-flow\">\n<p class=\"has-text-align-left\">A Irm\u00e3 Miriam foi Provincial do Peru\/Cuba durante 8 anos. No dia 8 de dezembro de 2022, a Irm\u00e3 Amelia iniciar\u00e1 um mandato de 4 anos como Provincial.<\/p>\n<\/div>\n\n\n\n<div class=\"wp-block-column is-layout-flow wp-block-column-is-layout-flow\">\n<figure class=\"wp-block-image aligncenter size-full is-resized\"><img loading=\"lazy\" decoding=\"async\" width=\"135\" height=\"174\" src=\"https:\/\/www.sj-cluny.org\/wp-content\/uploads\/2026\/04\/myriam-2-9c9e4ff5c-1.jpg\" alt=\"\" class=\"wp-image-6267\" style=\"object-fit:cover;width:135px;height:160px\" srcset=\"https:\/\/www.sj-cluny.org\/wp-content\/uploads\/2026\/04\/myriam-2-9c9e4ff5c-1.jpg 135w, https:\/\/www.sj-cluny.org\/wp-content\/uploads\/2026\/04\/myriam-2-9c9e4ff5c-1-9x12.jpg 9w\" sizes=\"(max-width: 135px) 100vw, 135px\" \/><\/figure>\n\n\n\n<h4 class=\"wp-block-heading has-text-align-center\"><strong>Irm\u00e3 Miriam Felix Lopez<\/strong><\/h4>\n<\/div>\n<\/div>\n\n\n\n<h3 class=\"wp-block-heading\">Fran\u00e7a\/Su\u00ed\u00e7a\/Saint-Pierre e Miquelon ... 1 de dezembro de 2022<\/h3>\n\n\n\n<div class=\"wp-block-columns is-layout-flex wp-container-core-columns-is-layout-28f84493 wp-block-columns-is-layout-flex\">\n<div class=\"wp-block-column is-layout-flow wp-block-column-is-layout-flow\">\n<figure class=\"wp-block-image aligncenter size-full is-resized\"><img loading=\"lazy\" decoding=\"async\" width=\"135\" height=\"156\" src=\"https:\/\/www.sj-cluny.org\/wp-content\/uploads\/2026\/04\/dominique-marie-2-369ffff5c.jpg\" alt=\"\" class=\"wp-image-6268\" style=\"object-fit:cover;width:135px;height:160px\" srcset=\"https:\/\/www.sj-cluny.org\/wp-content\/uploads\/2026\/04\/dominique-marie-2-369ffff5c.jpg 135w, https:\/\/www.sj-cluny.org\/wp-content\/uploads\/2026\/04\/dominique-marie-2-369ffff5c-10x12.jpg 10w\" sizes=\"(max-width: 135px) 100vw, 135px\" \/><\/figure>\n\n\n\n<h4 class=\"wp-block-heading has-text-align-center\"><strong>Irm\u00e3 Dominique-Marie Primevert<\/strong><\/h4>\n<\/div>\n\n\n\n<div class=\"wp-block-column is-vertically-aligned-center is-layout-flow wp-block-column-is-layout-flow\">\n<p class=\"has-text-align-left\">A Irm\u00e3 Marie-Pierre foi Provincial durante 4 anos. No dia 1 de dezembro de 2022, a Irm\u00e3 Dominique-Marie iniciar\u00e1 um mandato de 4 anos como Provincial.<\/p>\n<\/div>\n\n\n\n<div class=\"wp-block-column is-layout-flow wp-block-column-is-layout-flow\">\n<figure class=\"wp-block-image aligncenter size-full is-resized\"><img loading=\"lazy\" decoding=\"async\" width=\"135\" height=\"181\" src=\"https:\/\/www.sj-cluny.org\/wp-content\/uploads\/2026\/04\/6-marie-pierrefor-web-2-f4d93ff5c.jpg\" alt=\"\" class=\"wp-image-6269\" style=\"object-fit:cover;width:135px;height:160px\" srcset=\"https:\/\/www.sj-cluny.org\/wp-content\/uploads\/2026\/04\/6-marie-pierrefor-web-2-f4d93ff5c.jpg 135w, https:\/\/www.sj-cluny.org\/wp-content\/uploads\/2026\/04\/6-marie-pierrefor-web-2-f4d93ff5c-9x12.jpg 9w\" sizes=\"(max-width: 135px) 100vw, 135px\" \/><\/figure>\n\n\n\n<h4 class=\"wp-block-heading has-text-align-center\"><strong>Irm\u00e3 Marie-Pierre Lallemant<\/strong><\/h4>\n<\/div>\n<\/div>\n\n\n\n<h3 class=\"wp-block-heading\">&nbsp;Espanha ... 25 de novembro de 2022<\/h3>\n\n\n\n<div class=\"wp-block-columns is-layout-flex wp-container-core-columns-is-layout-28f84493 wp-block-columns-is-layout-flex\">\n<div class=\"wp-block-column is-layout-flow wp-block-column-is-layout-flow\" style=\"flex-basis:33.33%\">\n<figure class=\"wp-block-image aligncenter size-full is-resized is-style-default\"><img loading=\"lazy\" decoding=\"async\" width=\"135\" height=\"169\" src=\"https:\/\/www.sj-cluny.org\/wp-content\/uploads\/2026\/04\/2isabelforweb-copy-2-df31fff5c.jpg\" alt=\"\" class=\"wp-image-6270\" style=\"object-fit:cover;width:135px;height:160px\" srcset=\"https:\/\/www.sj-cluny.org\/wp-content\/uploads\/2026\/04\/2isabelforweb-copy-2-df31fff5c.jpg 135w, https:\/\/www.sj-cluny.org\/wp-content\/uploads\/2026\/04\/2isabelforweb-copy-2-df31fff5c-10x12.jpg 10w\" sizes=\"(max-width: 135px) 100vw, 135px\" \/><\/figure>\n\n\n\n<h4 class=\"wp-block-heading has-text-align-center\"><strong>Irm\u00e3 Maria Isabel V\u00e1zque<\/strong><\/h4>\n<\/div>\n\n\n\n<div class=\"wp-block-column is-vertically-aligned-center is-layout-flow wp-block-column-is-layout-flow\" style=\"flex-basis:66.66%\">\n<p>A Irm\u00e3 Maria Isabel foi Provincial durante 4 anos e foi-lhe atribu\u00eddo um novo mandato de 4 anos a partir de 25 de novembro de 2022.<\/p>\n<\/div>\n<\/div>\n\n\n\n<h3 class=\"wp-block-heading\">&nbsp;O Pac\u00edfico franc\u00eas ... 11 novembro 2022<\/h3>\n\n\n\n<div class=\"wp-block-columns is-layout-flex wp-container-core-columns-is-layout-28f84493 wp-block-columns-is-layout-flex\">\n<div class=\"wp-block-column is-layout-flow wp-block-column-is-layout-flow\" style=\"flex-basis:33.33%\">\n<figure class=\"wp-block-image aligncenter size-full is-resized is-style-default\"><img loading=\"lazy\" decoding=\"async\" width=\"135\" height=\"172\" src=\"https:\/\/www.sj-cluny.org\/wp-content\/uploads\/2026\/04\/marie-joseph-ikai-2-cfa23ff5c.jpg\" alt=\"\" class=\"wp-image-6271\" style=\"object-fit:cover;width:135px;height:160px\" srcset=\"https:\/\/www.sj-cluny.org\/wp-content\/uploads\/2026\/04\/marie-joseph-ikai-2-cfa23ff5c.jpg 135w, https:\/\/www.sj-cluny.org\/wp-content\/uploads\/2026\/04\/marie-joseph-ikai-2-cfa23ff5c-9x12.jpg 9w\" sizes=\"(max-width: 135px) 100vw, 135px\" \/><\/figure>\n\n\n\n<h4 class=\"wp-block-heading has-text-align-center\"><strong>Irm\u00e3 Marie-Joseph Ikai<\/strong><\/h4>\n<\/div>\n\n\n\n<div class=\"wp-block-column is-vertically-aligned-center is-layout-flow wp-block-column-is-layout-flow\" style=\"flex-basis:66.66%\">\n<p>A Irm\u00e3 Marie-Joseph foi Vice-Provincial do Pac\u00edfico Franc\u00eas durante 8 anos e foi-lhe atribu\u00eddo um novo mandato de 4 anos a partir de 11 de novembro de 2022.<\/p>\n<\/div>\n<\/div>\n\n\n\n<h3 class=\"wp-block-heading\">&nbsp;Haiti ... 1 de novembro de 2022<\/h3>\n\n\n\n<div class=\"wp-block-columns is-layout-flex wp-container-core-columns-is-layout-28f84493 wp-block-columns-is-layout-flex\">\n<div class=\"wp-block-column is-layout-flow wp-block-column-is-layout-flow\" style=\"flex-basis:33.33%\">\n<figure class=\"wp-block-image aligncenter size-full is-resized is-style-default\"><img loading=\"lazy\" decoding=\"async\" width=\"135\" height=\"153\" src=\"https:\/\/www.sj-cluny.org\/wp-content\/uploads\/2026\/04\/8-myriam-haiti-2-0fa0dff5c.jpg\" alt=\"\" class=\"wp-image-6285\" style=\"object-fit:cover;width:135px;height:160px\" srcset=\"https:\/\/www.sj-cluny.org\/wp-content\/uploads\/2026\/04\/8-myriam-haiti-2-0fa0dff5c.jpg 135w, https:\/\/www.sj-cluny.org\/wp-content\/uploads\/2026\/04\/8-myriam-haiti-2-0fa0dff5c-11x12.jpg 11w\" sizes=\"(max-width: 135px) 100vw, 135px\" \/><\/figure>\n\n\n\n<h4 class=\"wp-block-heading has-text-align-center\"><strong>Irm\u00e3 Myriam Fouchard<\/strong><\/h4>\n<\/div>\n\n\n\n<div class=\"wp-block-column is-vertically-aligned-center is-layout-flow wp-block-column-is-layout-flow\" style=\"flex-basis:66.66%\">\n<p>A Irm\u00e3 Myriam foi Provincial durante 4 anos e foi-lhe atribu\u00eddo um novo mandato de 4 anos a partir de 1 de novembro de 2022.<\/p>\n<\/div>\n<\/div>\n\n\n\n<h3 class=\"wp-block-heading\">&nbsp;Afrique de l\u2019Ouest francophone ... 27 outubro 2022<\/h3>\n\n\n\n<div class=\"wp-block-columns is-layout-flex wp-container-core-columns-is-layout-28f84493 wp-block-columns-is-layout-flex\">\n<div class=\"wp-block-column is-layout-flow wp-block-column-is-layout-flow\" style=\"flex-basis:33.33%\">\n<figure class=\"wp-block-image aligncenter size-full is-resized is-style-default\"><img loading=\"lazy\" decoding=\"async\" width=\"135\" height=\"161\" src=\"https:\/\/www.sj-cluny.org\/wp-content\/uploads\/2026\/04\/hrtense-3-2-9d8a2ff5c.jpg\" alt=\"\" class=\"wp-image-6273\" style=\"object-fit:cover;width:135px;height:160px\" srcset=\"https:\/\/www.sj-cluny.org\/wp-content\/uploads\/2026\/04\/hrtense-3-2-9d8a2ff5c.jpg 135w, https:\/\/www.sj-cluny.org\/wp-content\/uploads\/2026\/04\/hrtense-3-2-9d8a2ff5c-10x12.jpg 10w\" sizes=\"(max-width: 135px) 100vw, 135px\" \/><\/figure>\n\n\n\n<h4 class=\"wp-block-heading has-text-align-center\"><strong>Irm\u00e3 Hortense Atabre<\/strong><\/h4>\n<\/div>\n\n\n\n<div class=\"wp-block-column is-vertically-aligned-center is-layout-flow wp-block-column-is-layout-flow\" style=\"flex-basis:66.66%\">\n<p>A Irm\u00e3 Hortense foi Provincial durante 4 anos e foi-lhe atribu\u00eddo um novo mandato de 4 anos a partir de 27 de outubro de 2022.<\/p>\n<\/div>\n<\/div>\n\n\n\n<h3 class=\"wp-block-heading\">&nbsp;Irlanda e Gr\u00e3-Bretanha ... 7 de outubro de 2022<\/h3>\n\n\n\n<div class=\"wp-block-columns is-layout-flex wp-container-core-columns-is-layout-28f84493 wp-block-columns-is-layout-flex\">\n<div class=\"wp-block-column is-layout-flow wp-block-column-is-layout-flow\" style=\"flex-basis:33.33%\">\n<figure class=\"wp-block-image aligncenter size-full is-resized is-style-default\"><img loading=\"lazy\" decoding=\"async\" width=\"135\" height=\"175\" src=\"https:\/\/www.sj-cluny.org\/wp-content\/uploads\/2026\/04\/maeve-2-c8fa2ff5c.jpg\" alt=\"\" class=\"wp-image-6275\" style=\"object-fit:cover;width:135px;height:160px\" srcset=\"https:\/\/www.sj-cluny.org\/wp-content\/uploads\/2026\/04\/maeve-2-c8fa2ff5c.jpg 135w, https:\/\/www.sj-cluny.org\/wp-content\/uploads\/2026\/04\/maeve-2-c8fa2ff5c-9x12.jpg 9w, https:\/\/www.sj-cluny.org\/wp-content\/uploads\/2026\/04\/maeve-2-c8fa2ff5c-102x133.jpg 102w\" sizes=\"(max-width: 135px) 100vw, 135px\" \/><\/figure>\n\n\n\n<h4 class=\"wp-block-heading has-text-align-center\"><strong>Irm\u00e3 Maeve Guinan<\/strong><\/h4>\n<\/div>\n\n\n\n<div class=\"wp-block-column is-vertically-aligned-center is-layout-flow wp-block-column-is-layout-flow\" style=\"flex-basis:66.66%\">\n<p>A Irm\u00e3 Maeve foi Provincial durante 4 anos e foi reconduzida por mais 4 anos, a partir de 7 de outubro de 2022.<\/p>\n<\/div>\n<\/div>\n\n\n\n<h3 class=\"wp-block-heading\">&nbsp;Austr\u00e1lia contra Papua Nova Guin\u00e9 ... 21 de maio de 2022<\/h3>\n\n\n\n<div class=\"wp-block-columns is-layout-flex wp-container-core-columns-is-layout-28f84493 wp-block-columns-is-layout-flex\">\n<div class=\"wp-block-column is-layout-flow wp-block-column-is-layout-flow\">\n<figure class=\"wp-block-image aligncenter size-full is-resized\"><img loading=\"lazy\" decoding=\"async\" width=\"135\" height=\"160\" src=\"https:\/\/www.sj-cluny.org\/wp-content\/uploads\/2026\/04\/2annette-for-web-2-8b199ff5c.jpg\" alt=\"\" class=\"wp-image-6276\" style=\"object-fit:cover;width:135px;height:160px\" srcset=\"https:\/\/www.sj-cluny.org\/wp-content\/uploads\/2026\/04\/2annette-for-web-2-8b199ff5c.jpg 135w, https:\/\/www.sj-cluny.org\/wp-content\/uploads\/2026\/04\/2annette-for-web-2-8b199ff5c-10x12.jpg 10w\" sizes=\"(max-width: 135px) 100vw, 135px\" \/><\/figure>\n\n\n\n<h4 class=\"wp-block-heading has-text-align-center\"><strong>Irm\u00e3 Annette Lepcha<\/strong><\/h4>\n<\/div>\n\n\n\n<div class=\"wp-block-column is-vertically-aligned-center is-layout-flow wp-block-column-is-layout-flow\">\n<p class=\"has-text-align-left\">A Irm\u00e3 Rachel foi Superiora Regional durante 3 anos e meio. No dia 21 de maio, a Irm\u00e3 Annette iniciou um mandato de 4 anos como Superiora Regional.<\/p>\n<\/div>\n\n\n\n<div class=\"wp-block-column is-layout-flow wp-block-column-is-layout-flow\">\n<figure class=\"wp-block-image aligncenter size-full is-resized\"><img loading=\"lazy\" decoding=\"async\" width=\"135\" height=\"165\" src=\"https:\/\/www.sj-cluny.org\/wp-content\/uploads\/2026\/04\/9-rachelchapter-2-91bf4ff5c.jpg\" alt=\"\" class=\"wp-image-6277\" style=\"object-fit:cover;width:135px;height:160px\" srcset=\"https:\/\/www.sj-cluny.org\/wp-content\/uploads\/2026\/04\/9-rachelchapter-2-91bf4ff5c.jpg 135w, https:\/\/www.sj-cluny.org\/wp-content\/uploads\/2026\/04\/9-rachelchapter-2-91bf4ff5c-10x12.jpg 10w\" sizes=\"(max-width: 135px) 100vw, 135px\" \/><\/figure>\n\n\n\n<h4 class=\"wp-block-heading has-text-align-center\"><strong>Irm\u00e3 Rachel Arputham<\/strong><\/h4>\n<\/div>\n<\/div>\n\n\n\n<p><\/p>","protected":false},"excerpt":{"rendered":"<p>\u2026 le Fils de l\u2019homme n\u2019est pas venu pour \u00eatre servi, mais pour servir et donner sa vie en ran\u00e7on pour la multitude.&nbsp;\u00bb (Mt. 20&nbsp;: 28) \u00ab&nbsp;Conscientes de la responsabilit\u00e9 [&hellip;]<\/p>\n","protected":false},"author":2,"featured_media":1762,"comment_status":"closed","ping_status":"closed","sticky":false,"template":"","format":"standard","meta":{"_acf_changed":false,"footnotes":""},"categories":[1],"tags":[],"class_list":["post-6153","post","type-post","status-publish","format-standard","has-post-thumbnail","hentry","category-actualite"],"acf":[],"yoast_head":"<!-- This site is optimized with the Yoast SEO plugin v27.4 - https:\/\/yoast.com\/product\/yoast-seo-wordpress\/ -->\n<title>Changement de responsables - S\u0153urs de Saint-Joseph de Cluny<\/title>\n<meta name=\"robots\" content=\"index, follow, max-snippet:-1, max-image-preview:large, max-video-preview:-1\" \/>\n<link rel=\"canonical\" href=\"https:\/\/www.sj-cluny.org\/pt\/actualite\/changement-de-responsables\/\" \/>\n<meta property=\"og:locale\" content=\"pt_PT\" \/>\n<meta property=\"og:type\" content=\"article\" \/>\n<meta property=\"og:title\" content=\"Changement de responsables - S\u0153urs de Saint-Joseph de Cluny\" \/>\n<meta property=\"og:description\" content=\"\u2026 le Fils de l\u2019homme n\u2019est pas venu pour \u00eatre servi, mais pour servir et donner sa vie en ran\u00e7on pour la multitude.&nbsp;\u00bb (Mt. 20&nbsp;: 28) \u00ab&nbsp;Conscientes de la responsabilit\u00e9 [&hellip;]\" \/>\n<meta property=\"og:url\" content=\"https:\/\/www.sj-cluny.org\/pt\/actualite\/changement-de-responsables\/\" \/>\n<meta property=\"og:site_name\" content=\"S\u0153urs de Saint-Joseph de Cluny\" \/>\n<meta property=\"article:published_time\" content=\"2026-02-20T15:46:48+00:00\" \/>\n<meta property=\"article:modified_time\" content=\"2026-04-18T11:41:13+00:00\" \/>\n<meta property=\"og:image\" content=\"https:\/\/www.sj-cluny.org\/wp-content\/uploads\/2025\/05\/img-0781.jpeg\" \/>\n\t<meta property=\"og:image:width\" content=\"600\" \/>\n\t<meta property=\"og:image:height\" content=\"399\" \/>\n\t<meta property=\"og:image:type\" content=\"image\/jpeg\" \/>\n<meta name=\"author\" content=\"soeur-francisca\" \/>\n<meta name=\"twitter:card\" content=\"summary_large_image\" \/>\n<meta name=\"twitter:label1\" content=\"Written by\" \/>\n\t<meta name=\"twitter:data1\" content=\"soeur-francisca\" \/>\n\t<meta name=\"twitter:label2\" content=\"Est. reading time\" \/>\n\t<meta name=\"twitter:data2\" content=\"15 minutes\" \/>\n<script type=\"application\/ld+json\" class=\"yoast-schema-graph\">{\"@context\":\"https:\\\/\\\/schema.org\",\"@graph\":[{\"@type\":\"Article\",\"@id\":\"https:\\\/\\\/www.sj-cluny.org\\\/actualite\\\/changement-de-responsables\\\/#article\",\"isPartOf\":{\"@id\":\"https:\\\/\\\/www.sj-cluny.org\\\/actualite\\\/changement-de-responsables\\\/\"},\"author\":{\"name\":\"soeur-francisca\",\"@id\":\"https:\\\/\\\/www.sj-cluny.org\\\/#\\\/schema\\\/person\\\/668a6c050484687158437cdd2bb77dd1\"},\"headline\":\"Changement de responsables\",\"datePublished\":\"2026-02-20T15:46:48+00:00\",\"dateModified\":\"2026-04-18T11:41:13+00:00\",\"mainEntityOfPage\":{\"@id\":\"https:\\\/\\\/www.sj-cluny.org\\\/actualite\\\/changement-de-responsables\\\/\"},\"wordCount\":1213,\"image\":{\"@id\":\"https:\\\/\\\/www.sj-cluny.org\\\/actualite\\\/changement-de-responsables\\\/#primaryimage\"},\"thumbnailUrl\":\"https:\\\/\\\/www.sj-cluny.org\\\/wp-content\\\/uploads\\\/2025\\\/05\\\/img-0781.jpeg\",\"articleSection\":[\"Actualit\u00e9\"],\"inLanguage\":\"pt-PT\"},{\"@type\":\"WebPage\",\"@id\":\"https:\\\/\\\/www.sj-cluny.org\\\/actualite\\\/changement-de-responsables\\\/\",\"url\":\"https:\\\/\\\/www.sj-cluny.org\\\/actualite\\\/changement-de-responsables\\\/\",\"name\":\"Changement de responsables - S\u0153urs de Saint-Joseph de Cluny\",\"isPartOf\":{\"@id\":\"https:\\\/\\\/www.sj-cluny.org\\\/#website\"},\"primaryImageOfPage\":{\"@id\":\"https:\\\/\\\/www.sj-cluny.org\\\/actualite\\\/changement-de-responsables\\\/#primaryimage\"},\"image\":{\"@id\":\"https:\\\/\\\/www.sj-cluny.org\\\/actualite\\\/changement-de-responsables\\\/#primaryimage\"},\"thumbnailUrl\":\"https:\\\/\\\/www.sj-cluny.org\\\/wp-content\\\/uploads\\\/2025\\\/05\\\/img-0781.jpeg\",\"datePublished\":\"2026-02-20T15:46:48+00:00\",\"dateModified\":\"2026-04-18T11:41:13+00:00\",\"author\":{\"@id\":\"https:\\\/\\\/www.sj-cluny.org\\\/#\\\/schema\\\/person\\\/668a6c050484687158437cdd2bb77dd1\"},\"breadcrumb\":{\"@id\":\"https:\\\/\\\/www.sj-cluny.org\\\/actualite\\\/changement-de-responsables\\\/#breadcrumb\"},\"inLanguage\":\"pt-PT\",\"potentialAction\":[{\"@type\":\"ReadAction\",\"target\":[\"https:\\\/\\\/www.sj-cluny.org\\\/actualite\\\/changement-de-responsables\\\/\"]}]},{\"@type\":\"ImageObject\",\"inLanguage\":\"pt-PT\",\"@id\":\"https:\\\/\\\/www.sj-cluny.org\\\/actualite\\\/changement-de-responsables\\\/#primaryimage\",\"url\":\"https:\\\/\\\/www.sj-cluny.org\\\/wp-content\\\/uploads\\\/2025\\\/05\\\/img-0781.jpeg\",\"contentUrl\":\"https:\\\/\\\/www.sj-cluny.org\\\/wp-content\\\/uploads\\\/2025\\\/05\\\/img-0781.jpeg\",\"width\":600,\"height\":399},{\"@type\":\"BreadcrumbList\",\"@id\":\"https:\\\/\\\/www.sj-cluny.org\\\/actualite\\\/changement-de-responsables\\\/#breadcrumb\",\"itemListElement\":[{\"@type\":\"ListItem\",\"position\":1,\"name\":\"Accueil\",\"item\":\"https:\\\/\\\/www.sj-cluny.org\\\/\"},{\"@type\":\"ListItem\",\"position\":2,\"name\":\"Changement de responsables\"}]},{\"@type\":\"WebSite\",\"@id\":\"https:\\\/\\\/www.sj-cluny.org\\\/#website\",\"url\":\"https:\\\/\\\/www.sj-cluny.org\\\/\",\"name\":\"S\u0153urs de Saint-Joseph de Cluny\",\"description\":\"\",\"potentialAction\":[{\"@type\":\"SearchAction\",\"target\":{\"@type\":\"EntryPoint\",\"urlTemplate\":\"https:\\\/\\\/www.sj-cluny.org\\\/?s={search_term_string}\"},\"query-input\":{\"@type\":\"PropertyValueSpecification\",\"valueRequired\":true,\"valueName\":\"search_term_string\"}}],\"inLanguage\":\"pt-PT\"},{\"@type\":\"Person\",\"@id\":\"https:\\\/\\\/www.sj-cluny.org\\\/#\\\/schema\\\/person\\\/668a6c050484687158437cdd2bb77dd1\",\"name\":\"soeur-francisca\",\"image\":{\"@type\":\"ImageObject\",\"inLanguage\":\"pt-PT\",\"@id\":\"https:\\\/\\\/secure.gravatar.com\\\/avatar\\\/d9128aa0158e0af474f8fc6d1de64d386e8feba3a5462f1896e84d62e92b9d25?s=96&d=mm&r=g\",\"url\":\"https:\\\/\\\/secure.gravatar.com\\\/avatar\\\/d9128aa0158e0af474f8fc6d1de64d386e8feba3a5462f1896e84d62e92b9d25?s=96&d=mm&r=g\",\"contentUrl\":\"https:\\\/\\\/secure.gravatar.com\\\/avatar\\\/d9128aa0158e0af474f8fc6d1de64d386e8feba3a5462f1896e84d62e92b9d25?s=96&d=mm&r=g\",\"caption\":\"soeur-francisca\"}}]}<\/script>\n<!-- \/ Yoast SEO plugin. -->","yoast_head_json":{"title":"Changement de responsables - S\u0153urs de Saint-Joseph de Cluny","robots":{"index":"index","follow":"follow","max-snippet":"max-snippet:-1","max-image-preview":"max-image-preview:large","max-video-preview":"max-video-preview:-1"},"canonical":"https:\/\/www.sj-cluny.org\/pt\/actualite\/changement-de-responsables\/","og_locale":"pt_PT","og_type":"article","og_title":"Changement de responsables - S\u0153urs de Saint-Joseph de Cluny","og_description":"\u2026 le Fils de l\u2019homme n\u2019est pas venu pour \u00eatre servi, mais pour servir et donner sa vie en ran\u00e7on pour la multitude.&nbsp;\u00bb (Mt. 20&nbsp;: 28) \u00ab&nbsp;Conscientes de la responsabilit\u00e9 [&hellip;]","og_url":"https:\/\/www.sj-cluny.org\/pt\/actualite\/changement-de-responsables\/","og_site_name":"S\u0153urs de Saint-Joseph de Cluny","article_published_time":"2026-02-20T15:46:48+00:00","article_modified_time":"2026-04-18T11:41:13+00:00","og_image":[{"width":600,"height":399,"url":"https:\/\/www.sj-cluny.org\/wp-content\/uploads\/2025\/05\/img-0781.jpeg","type":"image\/jpeg"}],"author":"soeur-francisca","twitter_card":"summary_large_image","twitter_misc":{"Written by":"soeur-francisca","Est. reading time":"15 minutes"},"schema":{"@context":"https:\/\/schema.org","@graph":[{"@type":"Article","@id":"https:\/\/www.sj-cluny.org\/actualite\/changement-de-responsables\/#article","isPartOf":{"@id":"https:\/\/www.sj-cluny.org\/actualite\/changement-de-responsables\/"},"author":{"name":"soeur-francisca","@id":"https:\/\/www.sj-cluny.org\/#\/schema\/person\/668a6c050484687158437cdd2bb77dd1"},"headline":"Changement de responsables","datePublished":"2026-02-20T15:46:48+00:00","dateModified":"2026-04-18T11:41:13+00:00","mainEntityOfPage":{"@id":"https:\/\/www.sj-cluny.org\/actualite\/changement-de-responsables\/"},"wordCount":1213,"image":{"@id":"https:\/\/www.sj-cluny.org\/actualite\/changement-de-responsables\/#primaryimage"},"thumbnailUrl":"https:\/\/www.sj-cluny.org\/wp-content\/uploads\/2025\/05\/img-0781.jpeg","articleSection":["Actualit\u00e9"],"inLanguage":"pt-PT"},{"@type":"WebPage","@id":"https:\/\/www.sj-cluny.org\/actualite\/changement-de-responsables\/","url":"https:\/\/www.sj-cluny.org\/actualite\/changement-de-responsables\/","name":"Changement de responsables - S\u0153urs de Saint-Joseph de Cluny","isPartOf":{"@id":"https:\/\/www.sj-cluny.org\/#website"},"primaryImageOfPage":{"@id":"https:\/\/www.sj-cluny.org\/actualite\/changement-de-responsables\/#primaryimage"},"image":{"@id":"https:\/\/www.sj-cluny.org\/actualite\/changement-de-responsables\/#primaryimage"},"thumbnailUrl":"https:\/\/www.sj-cluny.org\/wp-content\/uploads\/2025\/05\/img-0781.jpeg","datePublished":"2026-02-20T15:46:48+00:00","dateModified":"2026-04-18T11:41:13+00:00","author":{"@id":"https:\/\/www.sj-cluny.org\/#\/schema\/person\/668a6c050484687158437cdd2bb77dd1"},"breadcrumb":{"@id":"https:\/\/www.sj-cluny.org\/actualite\/changement-de-responsables\/#breadcrumb"},"inLanguage":"pt-PT","potentialAction":[{"@type":"ReadAction","target":["https:\/\/www.sj-cluny.org\/actualite\/changement-de-responsables\/"]}]},{"@type":"ImageObject","inLanguage":"pt-PT","@id":"https:\/\/www.sj-cluny.org\/actualite\/changement-de-responsables\/#primaryimage","url":"https:\/\/www.sj-cluny.org\/wp-content\/uploads\/2025\/05\/img-0781.jpeg","contentUrl":"https:\/\/www.sj-cluny.org\/wp-content\/uploads\/2025\/05\/img-0781.jpeg","width":600,"height":399},{"@type":"BreadcrumbList","@id":"https:\/\/www.sj-cluny.org\/actualite\/changement-de-responsables\/#breadcrumb","itemListElement":[{"@type":"ListItem","position":1,"name":"Accueil","item":"https:\/\/www.sj-cluny.org\/"},{"@type":"ListItem","position":2,"name":"Changement de responsables"}]},{"@type":"WebSite","@id":"https:\/\/www.sj-cluny.org\/#website","url":"https:\/\/www.sj-cluny.org\/","name":"Irm\u00e3s de S\u00e3o Jos\u00e9 de Cluny","description":"","potentialAction":[{"@type":"SearchAction","target":{"@type":"EntryPoint","urlTemplate":"https:\/\/www.sj-cluny.org\/?s={search_term_string}"},"query-input":{"@type":"PropertyValueSpecification","valueRequired":true,"valueName":"search_term_string"}}],"inLanguage":"pt-PT"},{"@type":"Person","@id":"https:\/\/www.sj-cluny.org\/#\/schema\/person\/668a6c050484687158437cdd2bb77dd1","name":"soeur-francisca","image":{"@type":"ImageObject","inLanguage":"pt-PT","@id":"https:\/\/secure.gravatar.com\/avatar\/d9128aa0158e0af474f8fc6d1de64d386e8feba3a5462f1896e84d62e92b9d25?s=96&d=mm&r=g","url":"https:\/\/secure.gravatar.com\/avatar\/d9128aa0158e0af474f8fc6d1de64d386e8feba3a5462f1896e84d62e92b9d25?s=96&d=mm&r=g","contentUrl":"https:\/\/secure.gravatar.com\/avatar\/d9128aa0158e0af474f8fc6d1de64d386e8feba3a5462f1896e84d62e92b9d25?s=96&d=mm&r=g","caption":"soeur-francisca"}}]}},"_links":{"self":[{"href":"https:\/\/www.sj-cluny.org\/pt\/wp-json\/wp\/v2\/posts\/6153","targetHints":{"allow":["GET"]}}],"collection":[{"href":"https:\/\/www.sj-cluny.org\/pt\/wp-json\/wp\/v2\/posts"}],"about":[{"href":"https:\/\/www.sj-cluny.org\/pt\/wp-json\/wp\/v2\/types\/post"}],"author":[{"embeddable":true,"href":"https:\/\/www.sj-cluny.org\/pt\/wp-json\/wp\/v2\/users\/2"}],"replies":[{"embeddable":true,"href":"https:\/\/www.sj-cluny.org\/pt\/wp-json\/wp\/v2\/comments?post=6153"}],"version-history":[{"count":10,"href":"https:\/\/www.sj-cluny.org\/pt\/wp-json\/wp\/v2\/posts\/6153\/revisions"}],"predecessor-version":[{"id":6333,"href":"https:\/\/www.sj-cluny.org\/pt\/wp-json\/wp\/v2\/posts\/6153\/revisions\/6333"}],"wp:featuredmedia":[{"embeddable":true,"href":"https:\/\/www.sj-cluny.org\/pt\/wp-json\/wp\/v2\/media\/1762"}],"wp:attachment":[{"href":"https:\/\/www.sj-cluny.org\/pt\/wp-json\/wp\/v2\/media?parent=6153"}],"wp:term":[{"taxonomy":"category","embeddable":true,"href":"https:\/\/www.sj-cluny.org\/pt\/wp-json\/wp\/v2\/categories?post=6153"},{"taxonomy":"post_tag","embeddable":true,"href":"https:\/\/www.sj-cluny.org\/pt\/wp-json\/wp\/v2\/tags?post=6153"}],"curies":[{"name":"wp","href":"https:\/\/api.w.org\/{rel}","templated":true}]}}