{"id":5937,"date":"2026-03-19T16:07:31","date_gmt":"2026-03-19T15:07:31","guid":{"rendered":"https:\/\/www.sj-cluny.org\/?p=5937"},"modified":"2026-03-19T16:10:20","modified_gmt":"2026-03-19T15:10:20","slug":"fete-de-saint-joseph","status":"publish","type":"post","link":"https:\/\/www.sj-cluny.org\/pt\/actualite\/fete-de-saint-joseph\/","title":{"rendered":"Festa de S\u00e3o Jos\u00e9"},"content":{"rendered":"<div data-elementor-type=\"wp-post\" data-elementor-id=\"5937\" class=\"elementor elementor-5937\" data-elementor-post-type=\"post\">\n\t\t\t\t<div class=\"elementor-element elementor-element-ba7c8fe e-grid e-con-boxed e-con e-parent\" data-id=\"ba7c8fe\" data-element_type=\"container\" data-e-type=\"container\">\n\t\t\t\t\t<div class=\"e-con-inner\">\n\t\t\t\t<div class=\"elementor-element elementor-element-0cf9daa elementor-widget elementor-widget-video\" data-id=\"0cf9daa\" data-element_type=\"widget\" data-e-type=\"widget\" data-settings=\"{&quot;youtube_url&quot;:&quot;https:\\\/\\\/youtu.be\\\/FVju51Zf6Ag&quot;,&quot;video_type&quot;:&quot;youtube&quot;,&quot;controls&quot;:&quot;yes&quot;}\" data-widget_type=\"video.default\">\n\t\t\t\t<div class=\"elementor-widget-container\">\n\t\t\t\t\t\t\t<div class=\"elementor-wrapper elementor-open-inline\">\n\t\t\t<div class=\"elementor-video\"><\/div>\t\t<\/div>\n\t\t\t\t\t\t<\/div>\n\t\t\t\t<\/div>\n\t\t\t\t<div class=\"elementor-element elementor-element-f0a0f44 elementor-widget elementor-widget-video\" data-id=\"f0a0f44\" data-element_type=\"widget\" data-e-type=\"widget\" data-settings=\"{&quot;youtube_url&quot;:&quot;https:\\\/\\\/youtu.be\\\/ppnjANTnoEs&quot;,&quot;video_type&quot;:&quot;youtube&quot;,&quot;controls&quot;:&quot;yes&quot;}\" data-widget_type=\"video.default\">\n\t\t\t\t<div class=\"elementor-widget-container\">\n\t\t\t\t\t\t\t<div class=\"elementor-wrapper elementor-open-inline\">\n\t\t\t<div class=\"elementor-video\"><\/div>\t\t<\/div>\n\t\t\t\t\t\t<\/div>\n\t\t\t\t<\/div>\n\t\t\t\t<div class=\"elementor-element elementor-element-90b7546 elementor-widget elementor-widget-video\" data-id=\"90b7546\" data-element_type=\"widget\" data-e-type=\"widget\" data-settings=\"{&quot;youtube_url&quot;:&quot;https:\\\/\\\/youtu.be\\\/w5IHJvaDvf0&quot;,&quot;video_type&quot;:&quot;youtube&quot;,&quot;controls&quot;:&quot;yes&quot;}\" data-widget_type=\"video.default\">\n\t\t\t\t<div class=\"elementor-widget-container\">\n\t\t\t\t\t\t\t<div class=\"elementor-wrapper elementor-open-inline\">\n\t\t\t<div class=\"elementor-video\"><\/div>\t\t<\/div>\n\t\t\t\t\t\t<\/div>\n\t\t\t\t<\/div>\n\t\t\t\t<div class=\"elementor-element elementor-element-182a0d0 elementor-widget elementor-widget-video\" data-id=\"182a0d0\" data-element_type=\"widget\" data-e-type=\"widget\" data-settings=\"{&quot;youtube_url&quot;:&quot;https:\\\/\\\/youtu.be\\\/EJbrszmhSfA&quot;,&quot;video_type&quot;:&quot;youtube&quot;,&quot;controls&quot;:&quot;yes&quot;}\" data-widget_type=\"video.default\">\n\t\t\t\t<div class=\"elementor-widget-container\">\n\t\t\t\t\t\t\t<div class=\"elementor-wrapper elementor-open-inline\">\n\t\t\t<div class=\"elementor-video\"><\/div>\t\t<\/div>\n\t\t\t\t\t\t<\/div>\n\t\t\t\t<\/div>\n\t\t\t\t\t<\/div>\n\t\t\t\t<\/div>\n\t\t\t\t<\/div>","protected":false},"excerpt":{"rendered":"<p>https:\/\/youtu.be\/FVju51Zf6Aghttps:\/\/youtu.be\/ppnjANTnoEshttps:\/\/youtu.be\/w5IHJvaDvf0https:\/\/youtu.be\/EJbrszmhSfA<\/p>","protected":false},"author":2,"featured_media":5941,"comment_status":"closed","ping_status":"closed","sticky":false,"template":"","format":"standard","meta":{"_acf_changed":false,"footnotes":""},"categories":[1],"tags":[],"class_list":["post-5937","post","type-post","status-publish","format-standard","has-post-thumbnail","hentry","category-actualite"],"acf":[],"yoast_head":"<!-- This site is optimized with the Yoast SEO plugin v27.4 - https:\/\/yoast.com\/product\/yoast-seo-wordpress\/ -->\n<title>F\u00eate de Saint Joseph - S\u0153urs de Saint-Joseph de Cluny<\/title>\n<meta name=\"robots\" content=\"index, follow, max-snippet:-1, max-image-preview:large, max-video-preview:-1\" \/>\n<link rel=\"canonical\" href=\"https:\/\/www.sj-cluny.org\/pt\/actualite\/fete-de-saint-joseph\/\" \/>\n<meta property=\"og:locale\" content=\"pt_PT\" \/>\n<meta property=\"og:type\" content=\"article\" \/>\n<meta property=\"og:title\" content=\"F\u00eate de Saint Joseph - S\u0153urs de Saint-Joseph de Cluny\" \/>\n<meta property=\"og:description\" content=\"https:\/\/youtu.be\/FVju51Zf6Aghttps:\/\/youtu.be\/ppnjANTnoEshttps:\/\/youtu.be\/w5IHJvaDvf0https:\/\/youtu.be\/EJbrszmhSfA\" \/>\n<meta property=\"og:url\" content=\"https:\/\/www.sj-cluny.org\/pt\/actualite\/fete-de-saint-joseph\/\" \/>\n<meta property=\"og:site_name\" content=\"S\u0153urs de Saint-Joseph de Cluny\" \/>\n<meta property=\"article:published_time\" content=\"2026-03-19T15:07:31+00:00\" \/>\n<meta property=\"article:modified_time\" content=\"2026-03-19T15:10:20+00:00\" \/>\n<meta property=\"og:image\" content=\"https:\/\/www.sj-cluny.org\/wp-content\/uploads\/2026\/03\/orthodox-icon-of-the-blessed-family-by-tochtal-removebg-preview-e1773933014970.png\" \/>\n\t<meta property=\"og:image:width\" content=\"264\" \/>\n\t<meta property=\"og:image:height\" content=\"318\" \/>\n\t<meta property=\"og:image:type\" content=\"image\/png\" \/>\n<meta name=\"author\" content=\"soeur-francisca\" \/>\n<meta name=\"twitter:card\" content=\"summary_large_image\" \/>\n<meta name=\"twitter:label1\" content=\"Written by\" \/>\n\t<meta name=\"twitter:data1\" content=\"soeur-francisca\" \/>\n\t<meta name=\"twitter:label2\" content=\"Est. reading time\" \/>\n\t<meta name=\"twitter:data2\" content=\"1 minute\" \/>\n<script type=\"application\/ld+json\" class=\"yoast-schema-graph\">{\"@context\":\"https:\\\/\\\/schema.org\",\"@graph\":[{\"@type\":\"Article\",\"@id\":\"https:\\\/\\\/www.sj-cluny.org\\\/actualite\\\/fete-de-saint-joseph\\\/#article\",\"isPartOf\":{\"@id\":\"https:\\\/\\\/www.sj-cluny.org\\\/actualite\\\/fete-de-saint-joseph\\\/\"},\"author\":{\"name\":\"soeur-francisca\",\"@id\":\"https:\\\/\\\/www.sj-cluny.org\\\/#\\\/schema\\\/person\\\/668a6c050484687158437cdd2bb77dd1\"},\"headline\":\"F\u00eate de Saint Joseph\",\"datePublished\":\"2026-03-19T15:07:31+00:00\",\"dateModified\":\"2026-03-19T15:10:20+00:00\",\"mainEntityOfPage\":{\"@id\":\"https:\\\/\\\/www.sj-cluny.org\\\/actualite\\\/fete-de-saint-joseph\\\/\"},\"wordCount\":22,\"image\":{\"@id\":\"https:\\\/\\\/www.sj-cluny.org\\\/actualite\\\/fete-de-saint-joseph\\\/#primaryimage\"},\"thumbnailUrl\":\"https:\\\/\\\/www.sj-cluny.org\\\/wp-content\\\/uploads\\\/2026\\\/03\\\/orthodox-icon-of-the-blessed-family-by-tochtal-removebg-preview-e1773933014970.png\",\"articleSection\":[\"Actualit\u00e9\"],\"inLanguage\":\"pt-PT\"},{\"@type\":\"WebPage\",\"@id\":\"https:\\\/\\\/www.sj-cluny.org\\\/actualite\\\/fete-de-saint-joseph\\\/\",\"url\":\"https:\\\/\\\/www.sj-cluny.org\\\/actualite\\\/fete-de-saint-joseph\\\/\",\"name\":\"F\u00eate de Saint Joseph - S\u0153urs de Saint-Joseph de Cluny\",\"isPartOf\":{\"@id\":\"https:\\\/\\\/www.sj-cluny.org\\\/#website\"},\"primaryImageOfPage\":{\"@id\":\"https:\\\/\\\/www.sj-cluny.org\\\/actualite\\\/fete-de-saint-joseph\\\/#primaryimage\"},\"image\":{\"@id\":\"https:\\\/\\\/www.sj-cluny.org\\\/actualite\\\/fete-de-saint-joseph\\\/#primaryimage\"},\"thumbnailUrl\":\"https:\\\/\\\/www.sj-cluny.org\\\/wp-content\\\/uploads\\\/2026\\\/03\\\/orthodox-icon-of-the-blessed-family-by-tochtal-removebg-preview-e1773933014970.png\",\"datePublished\":\"2026-03-19T15:07:31+00:00\",\"dateModified\":\"2026-03-19T15:10:20+00:00\",\"author\":{\"@id\":\"https:\\\/\\\/www.sj-cluny.org\\\/#\\\/schema\\\/person\\\/668a6c050484687158437cdd2bb77dd1\"},\"breadcrumb\":{\"@id\":\"https:\\\/\\\/www.sj-cluny.org\\\/actualite\\\/fete-de-saint-joseph\\\/#breadcrumb\"},\"inLanguage\":\"pt-PT\",\"potentialAction\":[{\"@type\":\"ReadAction\",\"target\":[\"https:\\\/\\\/www.sj-cluny.org\\\/actualite\\\/fete-de-saint-joseph\\\/\"]}]},{\"@type\":\"ImageObject\",\"inLanguage\":\"pt-PT\",\"@id\":\"https:\\\/\\\/www.sj-cluny.org\\\/actualite\\\/fete-de-saint-joseph\\\/#primaryimage\",\"url\":\"https:\\\/\\\/www.sj-cluny.org\\\/wp-content\\\/uploads\\\/2026\\\/03\\\/orthodox-icon-of-the-blessed-family-by-tochtal-removebg-preview-e1773933014970.png\",\"contentUrl\":\"https:\\\/\\\/www.sj-cluny.org\\\/wp-content\\\/uploads\\\/2026\\\/03\\\/orthodox-icon-of-the-blessed-family-by-tochtal-removebg-preview-e1773933014970.png\",\"width\":264,\"height\":318},{\"@type\":\"BreadcrumbList\",\"@id\":\"https:\\\/\\\/www.sj-cluny.org\\\/actualite\\\/fete-de-saint-joseph\\\/#breadcrumb\",\"itemListElement\":[{\"@type\":\"ListItem\",\"position\":1,\"name\":\"Accueil\",\"item\":\"https:\\\/\\\/www.sj-cluny.org\\\/\"},{\"@type\":\"ListItem\",\"position\":2,\"name\":\"F\u00eate de Saint Joseph\"}]},{\"@type\":\"WebSite\",\"@id\":\"https:\\\/\\\/www.sj-cluny.org\\\/#website\",\"url\":\"https:\\\/\\\/www.sj-cluny.org\\\/\",\"name\":\"S\u0153urs de Saint-Joseph de Cluny\",\"description\":\"\",\"potentialAction\":[{\"@type\":\"SearchAction\",\"target\":{\"@type\":\"EntryPoint\",\"urlTemplate\":\"https:\\\/\\\/www.sj-cluny.org\\\/?s={search_term_string}\"},\"query-input\":{\"@type\":\"PropertyValueSpecification\",\"valueRequired\":true,\"valueName\":\"search_term_string\"}}],\"inLanguage\":\"pt-PT\"},{\"@type\":\"Person\",\"@id\":\"https:\\\/\\\/www.sj-cluny.org\\\/#\\\/schema\\\/person\\\/668a6c050484687158437cdd2bb77dd1\",\"name\":\"soeur-francisca\",\"image\":{\"@type\":\"ImageObject\",\"inLanguage\":\"pt-PT\",\"@id\":\"https:\\\/\\\/secure.gravatar.com\\\/avatar\\\/d9128aa0158e0af474f8fc6d1de64d386e8feba3a5462f1896e84d62e92b9d25?s=96&d=mm&r=g\",\"url\":\"https:\\\/\\\/secure.gravatar.com\\\/avatar\\\/d9128aa0158e0af474f8fc6d1de64d386e8feba3a5462f1896e84d62e92b9d25?s=96&d=mm&r=g\",\"contentUrl\":\"https:\\\/\\\/secure.gravatar.com\\\/avatar\\\/d9128aa0158e0af474f8fc6d1de64d386e8feba3a5462f1896e84d62e92b9d25?s=96&d=mm&r=g\",\"caption\":\"soeur-francisca\"}}]}<\/script>\n<!-- \/ Yoast SEO plugin. -->","yoast_head_json":{"title":"F\u00eate de Saint Joseph - S\u0153urs de Saint-Joseph de Cluny","robots":{"index":"index","follow":"follow","max-snippet":"max-snippet:-1","max-image-preview":"max-image-preview:large","max-video-preview":"max-video-preview:-1"},"canonical":"https:\/\/www.sj-cluny.org\/pt\/actualite\/fete-de-saint-joseph\/","og_locale":"pt_PT","og_type":"article","og_title":"F\u00eate de Saint Joseph - S\u0153urs de Saint-Joseph de Cluny","og_description":"https:\/\/youtu.be\/FVju51Zf6Aghttps:\/\/youtu.be\/ppnjANTnoEshttps:\/\/youtu.be\/w5IHJvaDvf0https:\/\/youtu.be\/EJbrszmhSfA","og_url":"https:\/\/www.sj-cluny.org\/pt\/actualite\/fete-de-saint-joseph\/","og_site_name":"S\u0153urs de Saint-Joseph de Cluny","article_published_time":"2026-03-19T15:07:31+00:00","article_modified_time":"2026-03-19T15:10:20+00:00","og_image":[{"width":264,"height":318,"url":"https:\/\/www.sj-cluny.org\/wp-content\/uploads\/2026\/03\/orthodox-icon-of-the-blessed-family-by-tochtal-removebg-preview-e1773933014970.png","type":"image\/png"}],"author":"soeur-francisca","twitter_card":"summary_large_image","twitter_misc":{"Written by":"soeur-francisca","Est. reading time":"1 minute"},"schema":{"@context":"https:\/\/schema.org","@graph":[{"@type":"Article","@id":"https:\/\/www.sj-cluny.org\/actualite\/fete-de-saint-joseph\/#article","isPartOf":{"@id":"https:\/\/www.sj-cluny.org\/actualite\/fete-de-saint-joseph\/"},"author":{"name":"soeur-francisca","@id":"https:\/\/www.sj-cluny.org\/#\/schema\/person\/668a6c050484687158437cdd2bb77dd1"},"headline":"F\u00eate de Saint Joseph","datePublished":"2026-03-19T15:07:31+00:00","dateModified":"2026-03-19T15:10:20+00:00","mainEntityOfPage":{"@id":"https:\/\/www.sj-cluny.org\/actualite\/fete-de-saint-joseph\/"},"wordCount":22,"image":{"@id":"https:\/\/www.sj-cluny.org\/actualite\/fete-de-saint-joseph\/#primaryimage"},"thumbnailUrl":"https:\/\/www.sj-cluny.org\/wp-content\/uploads\/2026\/03\/orthodox-icon-of-the-blessed-family-by-tochtal-removebg-preview-e1773933014970.png","articleSection":["Actualit\u00e9"],"inLanguage":"pt-PT"},{"@type":"WebPage","@id":"https:\/\/www.sj-cluny.org\/actualite\/fete-de-saint-joseph\/","url":"https:\/\/www.sj-cluny.org\/actualite\/fete-de-saint-joseph\/","name":"F\u00eate de Saint Joseph - S\u0153urs de Saint-Joseph de Cluny","isPartOf":{"@id":"https:\/\/www.sj-cluny.org\/#website"},"primaryImageOfPage":{"@id":"https:\/\/www.sj-cluny.org\/actualite\/fete-de-saint-joseph\/#primaryimage"},"image":{"@id":"https:\/\/www.sj-cluny.org\/actualite\/fete-de-saint-joseph\/#primaryimage"},"thumbnailUrl":"https:\/\/www.sj-cluny.org\/wp-content\/uploads\/2026\/03\/orthodox-icon-of-the-blessed-family-by-tochtal-removebg-preview-e1773933014970.png","datePublished":"2026-03-19T15:07:31+00:00","dateModified":"2026-03-19T15:10:20+00:00","author":{"@id":"https:\/\/www.sj-cluny.org\/#\/schema\/person\/668a6c050484687158437cdd2bb77dd1"},"breadcrumb":{"@id":"https:\/\/www.sj-cluny.org\/actualite\/fete-de-saint-joseph\/#breadcrumb"},"inLanguage":"pt-PT","potentialAction":[{"@type":"ReadAction","target":["https:\/\/www.sj-cluny.org\/actualite\/fete-de-saint-joseph\/"]}]},{"@type":"ImageObject","inLanguage":"pt-PT","@id":"https:\/\/www.sj-cluny.org\/actualite\/fete-de-saint-joseph\/#primaryimage","url":"https:\/\/www.sj-cluny.org\/wp-content\/uploads\/2026\/03\/orthodox-icon-of-the-blessed-family-by-tochtal-removebg-preview-e1773933014970.png","contentUrl":"https:\/\/www.sj-cluny.org\/wp-content\/uploads\/2026\/03\/orthodox-icon-of-the-blessed-family-by-tochtal-removebg-preview-e1773933014970.png","width":264,"height":318},{"@type":"BreadcrumbList","@id":"https:\/\/www.sj-cluny.org\/actualite\/fete-de-saint-joseph\/#breadcrumb","itemListElement":[{"@type":"ListItem","position":1,"name":"Accueil","item":"https:\/\/www.sj-cluny.org\/"},{"@type":"ListItem","position":2,"name":"F\u00eate de Saint Joseph"}]},{"@type":"WebSite","@id":"https:\/\/www.sj-cluny.org\/#website","url":"https:\/\/www.sj-cluny.org\/","name":"Irm\u00e3s de S\u00e3o Jos\u00e9 de Cluny","description":"","potentialAction":[{"@type":"SearchAction","target":{"@type":"EntryPoint","urlTemplate":"https:\/\/www.sj-cluny.org\/?s={search_term_string}"},"query-input":{"@type":"PropertyValueSpecification","valueRequired":true,"valueName":"search_term_string"}}],"inLanguage":"pt-PT"},{"@type":"Person","@id":"https:\/\/www.sj-cluny.org\/#\/schema\/person\/668a6c050484687158437cdd2bb77dd1","name":"soeur-francisca","image":{"@type":"ImageObject","inLanguage":"pt-PT","@id":"https:\/\/secure.gravatar.com\/avatar\/d9128aa0158e0af474f8fc6d1de64d386e8feba3a5462f1896e84d62e92b9d25?s=96&d=mm&r=g","url":"https:\/\/secure.gravatar.com\/avatar\/d9128aa0158e0af474f8fc6d1de64d386e8feba3a5462f1896e84d62e92b9d25?s=96&d=mm&r=g","contentUrl":"https:\/\/secure.gravatar.com\/avatar\/d9128aa0158e0af474f8fc6d1de64d386e8feba3a5462f1896e84d62e92b9d25?s=96&d=mm&r=g","caption":"soeur-francisca"}}]}},"_links":{"self":[{"href":"https:\/\/www.sj-cluny.org\/pt\/wp-json\/wp\/v2\/posts\/5937","targetHints":{"allow":["GET"]}}],"collection":[{"href":"https:\/\/www.sj-cluny.org\/pt\/wp-json\/wp\/v2\/posts"}],"about":[{"href":"https:\/\/www.sj-cluny.org\/pt\/wp-json\/wp\/v2\/types\/post"}],"author":[{"embeddable":true,"href":"https:\/\/www.sj-cluny.org\/pt\/wp-json\/wp\/v2\/users\/2"}],"replies":[{"embeddable":true,"href":"https:\/\/www.sj-cluny.org\/pt\/wp-json\/wp\/v2\/comments?post=5937"}],"version-history":[{"count":6,"href":"https:\/\/www.sj-cluny.org\/pt\/wp-json\/wp\/v2\/posts\/5937\/revisions"}],"predecessor-version":[{"id":5945,"href":"https:\/\/www.sj-cluny.org\/pt\/wp-json\/wp\/v2\/posts\/5937\/revisions\/5945"}],"wp:featuredmedia":[{"embeddable":true,"href":"https:\/\/www.sj-cluny.org\/pt\/wp-json\/wp\/v2\/media\/5941"}],"wp:attachment":[{"href":"https:\/\/www.sj-cluny.org\/pt\/wp-json\/wp\/v2\/media?parent=5937"}],"wp:term":[{"taxonomy":"category","embeddable":true,"href":"https:\/\/www.sj-cluny.org\/pt\/wp-json\/wp\/v2\/categories?post=5937"},{"taxonomy":"post_tag","embeddable":true,"href":"https:\/\/www.sj-cluny.org\/pt\/wp-json\/wp\/v2\/tags?post=5937"}],"curies":[{"name":"wp","href":"https:\/\/api.w.org\/{rel}","templated":true}]}}