{"id":4497,"date":"2025-12-06T20:56:39","date_gmt":"2025-12-06T19:56:39","guid":{"rendered":"https:\/\/www.sj-cluny.org\/?p=4497"},"modified":"2025-12-06T21:25:10","modified_gmt":"2025-12-06T20:25:10","slug":"les-soeurs-de-saint-joseph-de-cluny-ont-entame-les-celebrations-du-centenaire","status":"publish","type":"post","link":"https:\/\/www.sj-cluny.org\/pt\/actualite\/les-soeurs-de-saint-joseph-de-cluny-ont-entame-les-celebrations-du-centenaire\/","title":{"rendered":"Abertura das celebra\u00e7\u00f5es do Centen\u00e1rio das Irm\u00e3s de S\u00e3o Jos\u00e9 de Cluny em Kalimpong, \u00cdndia."},"content":{"rendered":"<div data-elementor-type=\"wp-post\" data-elementor-id=\"4497\" class=\"elementor elementor-4497\" data-elementor-post-type=\"post\">\n\t\t\t\t<div class=\"elementor-element elementor-element-050945e e-con-full e-flex e-con e-parent\" data-id=\"050945e\" data-element_type=\"container\" data-e-type=\"container\">\n\t\t\t\t<div class=\"elementor-element elementor-element-b7632b1 elementor-widget elementor-widget-heading\" data-id=\"b7632b1\" data-element_type=\"widget\" data-e-type=\"widget\" data-widget_type=\"heading.default\">\n\t\t\t\t<div class=\"elementor-widget-container\">\n\t\t\t\t\t<h2 class=\"elementor-heading-title elementor-size-default\">\n 15 de novembro de 2025\n<\/h2>\t\t\t\t<\/div>\n\t\t\t\t<\/div>\n\t\t\t\t<div class=\"elementor-element elementor-element-7e31770 elementor-widget elementor-widget-heading\" data-id=\"7e31770\" data-element_type=\"widget\" data-e-type=\"widget\" data-widget_type=\"heading.default\">\n\t\t\t\t<div class=\"elementor-widget-container\">\n\t\t\t\t\t<h2 class=\"elementor-heading-title elementor-size-default\">(1926-2026)\n<\/h2>\t\t\t\t<\/div>\n\t\t\t\t<\/div>\n\t\t\t\t<div class=\"elementor-element elementor-element-44f216f elementor-widget elementor-widget-text-editor\" data-id=\"44f216f\" data-element_type=\"widget\" data-e-type=\"widget\" data-widget_type=\"text-editor.default\">\n\t\t\t\t<div class=\"elementor-widget-container\">\n\t\t\t\t\t\t\t\t\t<p style=\"margin: 0cm; text-align: justify;\"><span style=\"font-size: 13.0pt;\">As Irm\u00e3s de Saint-Joseph de Cluny, da Prov\u00edncia de Nordeste da \u00cdndia\/ Nepal, e o Minist\u00e9rio dos Neg\u00f3cios Estrangeiros franc\u00eas, realizaram a Cerim\u00f3nia de Abertura da Celebra\u00e7\u00e3o que assinala os 100 Anos de Presen\u00e7a ao servi\u00e7o da Igreja, na Prov\u00edncia. Comemoram a chegada das primeiras Irm\u00e3s de Cluny a 26 de Maio de 1926.<\/span><\/p>\t\t\t\t\t\t\t\t<\/div>\n\t\t\t\t<\/div>\n\t\t\t\t<div class=\"elementor-element elementor-element-c9015fa elementor-skin-carousel elementor-arrows-yes elementor-pagination-type-bullets elementor-pagination-position-outside elementor-widget elementor-widget-media-carousel\" data-id=\"c9015fa\" data-element_type=\"widget\" data-e-type=\"widget\" data-settings=\"{&quot;autoplay_speed&quot;:1599,&quot;space_between&quot;:{&quot;unit&quot;:&quot;px&quot;,&quot;size&quot;:7,&quot;sizes&quot;:[]},&quot;skin&quot;:&quot;carousel&quot;,&quot;effect&quot;:&quot;slide&quot;,&quot;show_arrows&quot;:&quot;yes&quot;,&quot;pagination&quot;:&quot;bullets&quot;,&quot;speed&quot;:500,&quot;autoplay&quot;:&quot;yes&quot;,&quot;loop&quot;:&quot;yes&quot;,&quot;pause_on_hover&quot;:&quot;yes&quot;,&quot;pause_on_interaction&quot;:&quot;yes&quot;,&quot;space_between_tablet&quot;:{&quot;unit&quot;:&quot;px&quot;,&quot;size&quot;:10,&quot;sizes&quot;:[]},&quot;space_between_mobile&quot;:{&quot;unit&quot;:&quot;px&quot;,&quot;size&quot;:10,&quot;sizes&quot;:[]}}\" data-widget_type=\"media-carousel.default\">\n\t\t\t\t<div class=\"elementor-widget-container\">\n\t\t\t\t\t\t\t\t\t<div class=\"elementor-swiper\">\n\t\t\t\t\t<div class=\"elementor-main-swiper swiper\" role=\"region\" aria-roledescription=\"carousel\" aria-label=\"Deslizamentos\">\n\t\t\t\t<div class=\"swiper-wrapper\">\n\t\t\t\t\t\t\t\t\t\t\t<div class=\"swiper-slide\" role=\"group\" aria-roledescription=\"slide\">\n\t\t\t\t\t\t\t\t\t<div class=\"elementor-carousel-image\" role=\"img\" aria-label=\"DSC05336\" style=\"background-image: url(&#039;https:\/\/www.sj-cluny.org\/wp-content\/uploads\/2025\/11\/dsc05336-scaled-e1764274105431.jpg&#039;)\">\n\n\t\t\t\n\t\t\t\t\t<\/div>\n\t\t\t\t\t\t\t\t<\/div>\n\t\t\t\t\t\t\t\t\t\t\t<div class=\"swiper-slide\" role=\"group\" aria-roledescription=\"slide\">\n\t\t\t\t\t\t\t\t\t<div class=\"elementor-carousel-image\" role=\"img\" aria-label=\"DSC05315\" style=\"background-image: url(&#039;https:\/\/www.sj-cluny.org\/wp-content\/uploads\/2025\/11\/dsc05315-scaled-e1764274163659.jpg&#039;)\">\n\n\t\t\t\n\t\t\t\t\t<\/div>\n\t\t\t\t\t\t\t\t<\/div>\n\t\t\t\t\t\t\t\t\t\t\t<div class=\"swiper-slide\" role=\"group\" aria-roledescription=\"slide\">\n\t\t\t\t\t\t\t\t\t<div class=\"elementor-carousel-image\" role=\"img\" aria-label=\"DSC05440\" style=\"background-image: url(&#039;https:\/\/www.sj-cluny.org\/wp-content\/uploads\/2025\/11\/dsc05440-scaled.jpg&#039;)\">\n\n\t\t\t\n\t\t\t\t\t<\/div>\n\t\t\t\t\t\t\t\t<\/div>\n\t\t\t\t\t\t\t\t\t<\/div>\n\t\t\t\t\t\t\t\t\t\t\t\t\t\t\t<div class=\"elementor-swiper-button elementor-swiper-button-prev\" role=\"button\" tabindex=\"0\" aria-label=\"Anterior\">\n\t\t\t\t\t\t\t<svg aria-hidden=\"true\" class=\"e-font-icon-svg e-eicon-chevron-left\" viewbox=\"0 0 1000 1000\" xmlns=\"http:\/\/www.w3.org\/2000\/svg\"><path d=\"M646 125C629 125 613 133 604 142L308 442C296 454 292 471 292 487 292 504 296 521 308 533L604 854C617 867 629 875 646 875 663 875 679 871 692 858 704 846 713 829 713 812 713 796 708 779 692 767L438 487 692 225C700 217 708 204 708 187 708 171 704 154 692 142 675 129 663 125 646 125Z\"><\/path><\/svg>\t\t\t\t\t\t<\/div>\n\t\t\t\t\t\t<div class=\"elementor-swiper-button elementor-swiper-button-next\" role=\"button\" tabindex=\"0\" aria-label=\"Seguinte\">\n\t\t\t\t\t\t\t<svg aria-hidden=\"true\" class=\"e-font-icon-svg e-eicon-chevron-right\" viewbox=\"0 0 1000 1000\" xmlns=\"http:\/\/www.w3.org\/2000\/svg\"><path d=\"M696 533C708 521 713 504 713 487 713 471 708 454 696 446L400 146C388 133 375 125 354 125 338 125 325 129 313 142 300 154 292 171 292 187 292 204 296 221 308 233L563 492 304 771C292 783 288 800 288 817 288 833 296 850 308 863 321 871 338 875 354 875 371 875 388 867 400 854L696 533Z\"><\/path><\/svg>\t\t\t\t\t\t<\/div>\n\t\t\t\t\t\t\t\t\t\t\t\t\t\t\t\t<div class=\"swiper-pagination\"><\/div>\n\t\t\t\t\t\t\t\t\t\t\t\t<\/div>\n\t\t\t\t<\/div>\n\t\t\t\t\t\t\t\t<\/div>\n\t\t\t\t<\/div>\n\t\t\t\t<div class=\"elementor-element elementor-element-2c1b021 elementor-widget elementor-widget-text-editor\" data-id=\"2c1b021\" data-element_type=\"widget\" data-e-type=\"widget\" data-widget_type=\"text-editor.default\">\n\t\t\t\t<div class=\"elementor-widget-container\">\n\t\t\t\t\t\t\t\t\t<p style=\"margin: 0cm; text-align: justify;\"><span style=\"font-size: 13.0pt;\">O Centen\u00e1rio foi oficialmente aberto com os C\u00e2nticos alusivos ao evento, seguido de uma missa de Abertura e de A\u00e7\u00e3o de gra\u00e7as, concelebrada por suas excel\u00eancias, Monsenhor Stephen Lepcha, DD ( da Diocese de Darjeeling), Monsenhor Paul Simick, DD ( da diocese de Bagdogra), e Monsenhor Fabian Toppo, DD ( da Diocese de Jalpaiguri), rodeados por mais de 48 sacerdotes.<\/span><\/p>\t\t\t\t\t\t\t\t<\/div>\n\t\t\t\t<\/div>\n\t\t\t\t<div class=\"elementor-element elementor-element-b8177f8 elementor--h-position-center elementor--v-position-middle elementor-arrows-position-inside elementor-pagination-position-inside elementor-widget elementor-widget-slides\" data-id=\"b8177f8\" data-element_type=\"widget\" data-e-type=\"widget\" data-settings=\"{&quot;transition&quot;:&quot;fade&quot;,&quot;autoplay_speed&quot;:2000,&quot;transition_speed&quot;:200,&quot;navigation&quot;:&quot;both&quot;,&quot;autoplay&quot;:&quot;yes&quot;,&quot;pause_on_hover&quot;:&quot;yes&quot;,&quot;pause_on_interaction&quot;:&quot;yes&quot;,&quot;infinite&quot;:&quot;yes&quot;}\" data-widget_type=\"slides.default\">\n\t\t\t\t<div class=\"elementor-widget-container\">\n\t\t\t\t\t\t\t\t\t<div class=\"elementor-swiper\">\n\t\t\t\t\t<div class=\"elementor-slides-wrapper elementor-main-swiper swiper\" role=\"region\" aria-roledescription=\"carousel\" aria-label=\"Deslizamentos\" dir=\"ltr\" data-animation=\"\">\n\t\t\t\t<div class=\"swiper-wrapper elementor-slides\">\n\t\t\t\t\t\t\t\t\t\t<div class=\"elementor-repeater-item-4177dad swiper-slide\" role=\"group\" aria-roledescription=\"slide\"><div class=\"swiper-slide-bg\" role=\"img\" aria-label=\"DSC05423\"><\/div><div class=\"swiper-slide-inner\" ><div class=\"swiper-slide-contents\"><\/div><\/div><\/div><div class=\"elementor-repeater-item-bc9f68a swiper-slide\" role=\"group\" aria-roledescription=\"slide\"><div class=\"swiper-slide-bg\" role=\"img\" aria-label=\"DSC05400\"><\/div><div class=\"swiper-slide-inner\" ><div class=\"swiper-slide-contents\"><\/div><\/div><\/div><div class=\"elementor-repeater-item-14a9efd swiper-slide\" role=\"group\" aria-roledescription=\"slide\"><div class=\"swiper-slide-bg\" role=\"img\" aria-label=\"DSC05418\"><\/div><div class=\"swiper-slide-inner\" ><div class=\"swiper-slide-contents\"><\/div><\/div><\/div><div class=\"elementor-repeater-item-42dcef8 swiper-slide\" role=\"group\" aria-roledescription=\"slide\"><div class=\"swiper-slide-bg\" role=\"img\" aria-label=\"DSC05497\"><\/div><div class=\"swiper-slide-inner\" ><div class=\"swiper-slide-contents\"><\/div><\/div><\/div><div class=\"elementor-repeater-item-fa4511d swiper-slide\" role=\"group\" aria-roledescription=\"slide\"><div class=\"swiper-slide-bg\" role=\"img\" aria-label=\"DSC05446\"><\/div><div class=\"swiper-slide-inner\" ><div class=\"swiper-slide-contents\"><\/div><\/div><\/div>\t\t\t\t<\/div>\n\t\t\t\t\t\t\t\t\t\t\t\t\t\t\t<div class=\"elementor-swiper-button elementor-swiper-button-prev\" role=\"button\" tabindex=\"0\" aria-label=\"Deslizamento anterior\">\n\t\t\t\t\t\t\t<svg aria-hidden=\"true\" class=\"e-font-icon-svg e-eicon-chevron-left\" viewbox=\"0 0 1000 1000\" xmlns=\"http:\/\/www.w3.org\/2000\/svg\"><path d=\"M646 125C629 125 613 133 604 142L308 442C296 454 292 471 292 487 292 504 296 521 308 533L604 854C617 867 629 875 646 875 663 875 679 871 692 858 704 846 713 829 713 812 713 796 708 779 692 767L438 487 692 225C700 217 708 204 708 187 708 171 704 154 692 142 675 129 663 125 646 125Z\"><\/path><\/svg>\t\t\t\t\t\t<\/div>\n\t\t\t\t\t\t<div class=\"elementor-swiper-button elementor-swiper-button-next\" role=\"button\" tabindex=\"0\" aria-label=\"Pr\u00f3ximo slide\">\n\t\t\t\t\t\t\t<svg aria-hidden=\"true\" class=\"e-font-icon-svg e-eicon-chevron-right\" viewbox=\"0 0 1000 1000\" xmlns=\"http:\/\/www.w3.org\/2000\/svg\"><path d=\"M696 533C708 521 713 504 713 487 713 471 708 454 696 446L400 146C388 133 375 125 354 125 338 125 325 129 313 142 300 154 292 171 292 187 292 204 296 221 308 233L563 492 304 771C292 783 288 800 288 817 288 833 296 850 308 863 321 871 338 875 354 875 371 875 388 867 400 854L696 533Z\"><\/path><\/svg>\t\t\t\t\t\t<\/div>\n\t\t\t\t\t\t\t\t\t\t\t\t\t\t\t\t<div class=\"swiper-pagination\"><\/div>\n\t\t\t\t\t\t\t\t\t\t\t\t<\/div>\n\t\t\t\t<\/div>\n\t\t\t\t\t\t\t\t<\/div>\n\t\t\t\t<\/div>\n\t\t\t\t<div class=\"elementor-element elementor-element-5224aea elementor-widget elementor-widget-text-editor\" data-id=\"5224aea\" data-element_type=\"widget\" data-e-type=\"widget\" data-widget_type=\"text-editor.default\">\n\t\t\t\t<div class=\"elementor-widget-container\">\n\t\t\t\t\t\t\t\t\t<p>Na sua homilia, o senhor Arcebispo Lepcha, prestou uma vibrante homenagem \u00e0s Irm\u00e3s primeiras Irm\u00e3s de S. Jos\u00e9 de Cluny pelo seu esp\u00edrito mission\u00e1rio e pela sua contribui\u00e7\u00e3o decisiva para o desenvolvimento da forma\u00e7\u00e3o religiosa, educa\u00e7\u00e3o, pastoral, cuidados de sa\u00fade e social nas colinas de Kalimpong.<\/p>\t\t\t\t\t\t\t\t<\/div>\n\t\t\t\t<\/div>\n\t\t\t\t<\/div>\n\t\t<div class=\"elementor-element elementor-element-3873649 e-grid e-con-boxed e-con e-parent\" data-id=\"3873649\" data-element_type=\"container\" data-e-type=\"container\">\n\t\t\t\t\t<div class=\"e-con-inner\">\n\t\t\t\t<div class=\"elementor-element elementor-element-f64f905 elementor-widget elementor-widget-image\" data-id=\"f64f905\" data-element_type=\"widget\" data-e-type=\"widget\" data-widget_type=\"image.default\">\n\t\t\t\t<div class=\"elementor-widget-container\">\n\t\t\t\t\t\t\t\t\t\t\t\t\t\t\t<img fetchpriority=\"high\" decoding=\"async\" width=\"800\" height=\"534\" src=\"https:\/\/www.sj-cluny.org\/wp-content\/uploads\/2025\/11\/dsc05750-1024x683.jpg\" class=\"attachment-large size-large wp-image-4526\" alt=\"\" srcset=\"https:\/\/www.sj-cluny.org\/wp-content\/uploads\/2025\/11\/dsc05750-1024x683.jpg 1024w, https:\/\/www.sj-cluny.org\/wp-content\/uploads\/2025\/11\/dsc05750-300x200.jpg 300w, https:\/\/www.sj-cluny.org\/wp-content\/uploads\/2025\/11\/dsc05750-768x512.jpg 768w, https:\/\/www.sj-cluny.org\/wp-content\/uploads\/2025\/11\/dsc05750-1536x1024.jpg 1536w, https:\/\/www.sj-cluny.org\/wp-content\/uploads\/2025\/11\/dsc05750-2048x1365.jpg 2048w, https:\/\/www.sj-cluny.org\/wp-content\/uploads\/2025\/11\/dsc05750-18x12.jpg 18w\" sizes=\"(max-width: 800px) 100vw, 800px\" \/>\t\t\t\t\t\t\t\t\t\t\t\t\t\t\t<\/div>\n\t\t\t\t<\/div>\n\t\t\t\t<div class=\"elementor-element elementor-element-bc58e4c elementor-widget elementor-widget-text-editor\" data-id=\"bc58e4c\" data-element_type=\"widget\" data-e-type=\"widget\" data-widget_type=\"text-editor.default\">\n\t\t\t\t<div class=\"elementor-widget-container\">\n\t\t\t\t\t\t\t\t\t<p style=\"margin: 0cm;\"><span style=\"font-size: 13.0pt;\">O evento reuniu mais de 155 Irm\u00e3s de S. Jos\u00e9 de Cluny. O programa incluiu apresenta\u00e7\u00f5es culturais, relatos hist\u00f3ricos e um espet\u00e1culo de sombras que retratou a hist\u00f3ria dos 100 anos da presen\u00e7a da Congrega\u00e7\u00e3o nesta Prov\u00edncia.<\/span><\/p>\t\t\t\t\t\t\t\t<\/div>\n\t\t\t\t<\/div>\n\t\t\t\t\t<\/div>\n\t\t\t\t<\/div>\n\t\t<div class=\"elementor-element elementor-element-bd6b597 e-flex e-con-boxed e-con e-parent\" data-id=\"bd6b597\" data-element_type=\"container\" data-e-type=\"container\">\n\t\t\t\t\t<div class=\"e-con-inner\">\n\t\t\t\t<div class=\"elementor-element elementor-element-b2cf2e0 elementor-widget elementor-widget-gallery\" data-id=\"b2cf2e0\" data-element_type=\"widget\" data-e-type=\"widget\" data-settings=\"{&quot;lazyload&quot;:&quot;yes&quot;,&quot;gallery_layout&quot;:&quot;grid&quot;,&quot;columns&quot;:4,&quot;columns_tablet&quot;:2,&quot;columns_mobile&quot;:1,&quot;gap&quot;:{&quot;unit&quot;:&quot;px&quot;,&quot;size&quot;:10,&quot;sizes&quot;:[]},&quot;gap_tablet&quot;:{&quot;unit&quot;:&quot;px&quot;,&quot;size&quot;:10,&quot;sizes&quot;:[]},&quot;gap_mobile&quot;:{&quot;unit&quot;:&quot;px&quot;,&quot;size&quot;:10,&quot;sizes&quot;:[]},&quot;link_to&quot;:&quot;file&quot;,&quot;aspect_ratio&quot;:&quot;3:2&quot;,&quot;overlay_background&quot;:&quot;yes&quot;,&quot;content_hover_animation&quot;:&quot;fade-in&quot;}\" data-widget_type=\"gallery.default\">\n\t\t\t\t<div class=\"elementor-widget-container\">\n\t\t\t\t\t\t\t<div class=\"elementor-gallery__container\">\n\t\t\t\t\t\t\t<a class=\"e-gallery-item elementor-gallery-item elementor-animated-content\" href=\"https:\/\/www.sj-cluny.org\/wp-content\/uploads\/2025\/11\/dsc05662-1-scaled.jpg\" data-elementor-open-lightbox=\"yes\" data-elementor-lightbox-slideshow=\"b2cf2e0\" data-elementor-lightbox-title=\"DSC05662 (1)\" data-e-action-hash=\"#elementor-action%3Aaction%3Dlightbox%26settings%3DeyJpZCI6NDUzMSwidXJsIjoiaHR0cHM6XC9cL3d3dy5zai1jbHVueS5vcmdcL3dwLWNvbnRlbnRcL3VwbG9hZHNcLzIwMjVcLzExXC9kc2MwNTY2Mi0xLXNjYWxlZC5qcGciLCJzbGlkZXNob3ciOiJiMmNmMmUwIn0%3D\">\n\t\t\t\t\t<div class=\"e-gallery-image elementor-gallery-item__image\" data-thumbnail=\"https:\/\/www.sj-cluny.org\/wp-content\/uploads\/2025\/11\/dsc05662-1-300x200.jpg\" data-width=\"300\" data-height=\"200\" aria-label=\"\" role=\"img\" ><\/div>\n\t\t\t\t\t\t\t\t\t\t\t<div class=\"elementor-gallery-item__overlay\"><\/div>\n\t\t\t\t\t\t\t\t\t\t\t\t\t\t<\/a>\n\t\t\t\t\t\t\t<a class=\"e-gallery-item elementor-gallery-item elementor-animated-content\" href=\"https:\/\/www.sj-cluny.org\/wp-content\/uploads\/2025\/11\/dsc05664-scaled.jpg\" data-elementor-open-lightbox=\"yes\" data-elementor-lightbox-slideshow=\"b2cf2e0\" data-elementor-lightbox-title=\"DSC05664\" data-e-action-hash=\"#elementor-action%3Aaction%3Dlightbox%26settings%3DeyJpZCI6NDUzMiwidXJsIjoiaHR0cHM6XC9cL3d3dy5zai1jbHVueS5vcmdcL3dwLWNvbnRlbnRcL3VwbG9hZHNcLzIwMjVcLzExXC9kc2MwNTY2NC1zY2FsZWQuanBnIiwic2xpZGVzaG93IjoiYjJjZjJlMCJ9\">\n\t\t\t\t\t<div class=\"e-gallery-image elementor-gallery-item__image\" data-thumbnail=\"https:\/\/www.sj-cluny.org\/wp-content\/uploads\/2025\/11\/dsc05664-300x200.jpg\" data-width=\"300\" data-height=\"200\" aria-label=\"\" role=\"img\" ><\/div>\n\t\t\t\t\t\t\t\t\t\t\t<div class=\"elementor-gallery-item__overlay\"><\/div>\n\t\t\t\t\t\t\t\t\t\t\t\t\t\t<\/a>\n\t\t\t\t\t\t\t<a class=\"e-gallery-item elementor-gallery-item elementor-animated-content\" href=\"https:\/\/www.sj-cluny.org\/wp-content\/uploads\/2025\/11\/dsc05666-scaled.jpg\" data-elementor-open-lightbox=\"yes\" data-elementor-lightbox-slideshow=\"b2cf2e0\" data-elementor-lightbox-title=\"DSC05666\" data-e-action-hash=\"#elementor-action%3Aaction%3Dlightbox%26settings%3DeyJpZCI6NDUzMywidXJsIjoiaHR0cHM6XC9cL3d3dy5zai1jbHVueS5vcmdcL3dwLWNvbnRlbnRcL3VwbG9hZHNcLzIwMjVcLzExXC9kc2MwNTY2Ni1zY2FsZWQuanBnIiwic2xpZGVzaG93IjoiYjJjZjJlMCJ9\">\n\t\t\t\t\t<div class=\"e-gallery-image elementor-gallery-item__image\" data-thumbnail=\"https:\/\/www.sj-cluny.org\/wp-content\/uploads\/2025\/11\/dsc05666-300x200.jpg\" data-width=\"300\" data-height=\"200\" aria-label=\"\" role=\"img\" ><\/div>\n\t\t\t\t\t\t\t\t\t\t\t<div class=\"elementor-gallery-item__overlay\"><\/div>\n\t\t\t\t\t\t\t\t\t\t\t\t\t\t<\/a>\n\t\t\t\t\t\t\t<a class=\"e-gallery-item elementor-gallery-item elementor-animated-content\" href=\"https:\/\/www.sj-cluny.org\/wp-content\/uploads\/2025\/11\/dsc05684-scaled.jpg\" data-elementor-open-lightbox=\"yes\" data-elementor-lightbox-slideshow=\"b2cf2e0\" data-elementor-lightbox-title=\"DSC05684\" data-e-action-hash=\"#elementor-action%3Aaction%3Dlightbox%26settings%3DeyJpZCI6NDUzNCwidXJsIjoiaHR0cHM6XC9cL3d3dy5zai1jbHVueS5vcmdcL3dwLWNvbnRlbnRcL3VwbG9hZHNcLzIwMjVcLzExXC9kc2MwNTY4NC1zY2FsZWQuanBnIiwic2xpZGVzaG93IjoiYjJjZjJlMCJ9\">\n\t\t\t\t\t<div class=\"e-gallery-image elementor-gallery-item__image\" data-thumbnail=\"https:\/\/www.sj-cluny.org\/wp-content\/uploads\/2025\/11\/dsc05684-300x200.jpg\" data-width=\"300\" data-height=\"200\" aria-label=\"\" role=\"img\" ><\/div>\n\t\t\t\t\t\t\t\t\t\t\t<div class=\"elementor-gallery-item__overlay\"><\/div>\n\t\t\t\t\t\t\t\t\t\t\t\t\t\t<\/a>\n\t\t\t\t\t\t\t<a class=\"e-gallery-item elementor-gallery-item elementor-animated-content\" href=\"https:\/\/www.sj-cluny.org\/wp-content\/uploads\/2025\/11\/dsc05681-scaled.jpg\" data-elementor-open-lightbox=\"yes\" data-elementor-lightbox-slideshow=\"b2cf2e0\" data-elementor-lightbox-title=\"DSC05681\" data-e-action-hash=\"#elementor-action%3Aaction%3Dlightbox%26settings%3DeyJpZCI6NDUyMywidXJsIjoiaHR0cHM6XC9cL3d3dy5zai1jbHVueS5vcmdcL3dwLWNvbnRlbnRcL3VwbG9hZHNcLzIwMjVcLzExXC9kc2MwNTY4MS1zY2FsZWQuanBnIiwic2xpZGVzaG93IjoiYjJjZjJlMCJ9\">\n\t\t\t\t\t<div class=\"e-gallery-image elementor-gallery-item__image\" data-thumbnail=\"https:\/\/www.sj-cluny.org\/wp-content\/uploads\/2025\/11\/dsc05681-300x200.jpg\" data-width=\"300\" data-height=\"200\" aria-label=\"\" role=\"img\" ><\/div>\n\t\t\t\t\t\t\t\t\t\t\t<div class=\"elementor-gallery-item__overlay\"><\/div>\n\t\t\t\t\t\t\t\t\t\t\t\t\t\t<\/a>\n\t\t\t\t\t\t\t<a class=\"e-gallery-item elementor-gallery-item elementor-animated-content\" href=\"https:\/\/www.sj-cluny.org\/wp-content\/uploads\/2025\/11\/dsc05690-1-scaled.jpg\" data-elementor-open-lightbox=\"yes\" data-elementor-lightbox-slideshow=\"b2cf2e0\" data-elementor-lightbox-title=\"DSC05690\" data-e-action-hash=\"#elementor-action%3Aaction%3Dlightbox%26settings%3DeyJpZCI6NDUzNiwidXJsIjoiaHR0cHM6XC9cL3d3dy5zai1jbHVueS5vcmdcL3dwLWNvbnRlbnRcL3VwbG9hZHNcLzIwMjVcLzExXC9kc2MwNTY5MC0xLXNjYWxlZC5qcGciLCJzbGlkZXNob3ciOiJiMmNmMmUwIn0%3D\">\n\t\t\t\t\t<div class=\"e-gallery-image elementor-gallery-item__image\" data-thumbnail=\"https:\/\/www.sj-cluny.org\/wp-content\/uploads\/2025\/11\/dsc05690-1-300x200.jpg\" data-width=\"300\" data-height=\"200\" aria-label=\"\" role=\"img\" ><\/div>\n\t\t\t\t\t\t\t\t\t\t\t<div class=\"elementor-gallery-item__overlay\"><\/div>\n\t\t\t\t\t\t\t\t\t\t\t\t\t\t<\/a>\n\t\t\t\t\t\t\t<a class=\"e-gallery-item elementor-gallery-item elementor-animated-content\" href=\"https:\/\/www.sj-cluny.org\/wp-content\/uploads\/2025\/11\/dsc05503-1-scaled.jpg\" data-elementor-open-lightbox=\"yes\" data-elementor-lightbox-slideshow=\"b2cf2e0\" data-elementor-lightbox-title=\"DSC05503\" data-e-action-hash=\"#elementor-action%3Aaction%3Dlightbox%26settings%3DeyJpZCI6NDUzNywidXJsIjoiaHR0cHM6XC9cL3d3dy5zai1jbHVueS5vcmdcL3dwLWNvbnRlbnRcL3VwbG9hZHNcLzIwMjVcLzExXC9kc2MwNTUwMy0xLXNjYWxlZC5qcGciLCJzbGlkZXNob3ciOiJiMmNmMmUwIn0%3D\">\n\t\t\t\t\t<div class=\"e-gallery-image elementor-gallery-item__image\" data-thumbnail=\"https:\/\/www.sj-cluny.org\/wp-content\/uploads\/2025\/11\/dsc05503-1-300x200.jpg\" data-width=\"300\" data-height=\"200\" aria-label=\"\" role=\"img\" ><\/div>\n\t\t\t\t\t\t\t\t\t\t\t<div class=\"elementor-gallery-item__overlay\"><\/div>\n\t\t\t\t\t\t\t\t\t\t\t\t\t\t<\/a>\n\t\t\t\t\t\t\t<a class=\"e-gallery-item elementor-gallery-item elementor-animated-content\" href=\"https:\/\/www.sj-cluny.org\/wp-content\/uploads\/2025\/11\/dsc05661-scaled.jpg\" data-elementor-open-lightbox=\"yes\" data-elementor-lightbox-slideshow=\"b2cf2e0\" data-elementor-lightbox-title=\"DSC05661\" data-e-action-hash=\"#elementor-action%3Aaction%3Dlightbox%26settings%3DeyJpZCI6NDUzOCwidXJsIjoiaHR0cHM6XC9cL3d3dy5zai1jbHVueS5vcmdcL3dwLWNvbnRlbnRcL3VwbG9hZHNcLzIwMjVcLzExXC9kc2MwNTY2MS1zY2FsZWQuanBnIiwic2xpZGVzaG93IjoiYjJjZjJlMCJ9\">\n\t\t\t\t\t<div class=\"e-gallery-image elementor-gallery-item__image\" data-thumbnail=\"https:\/\/www.sj-cluny.org\/wp-content\/uploads\/2025\/11\/dsc05661-300x200.jpg\" data-width=\"300\" data-height=\"200\" aria-label=\"\" role=\"img\" ><\/div>\n\t\t\t\t\t\t\t\t\t\t\t<div class=\"elementor-gallery-item__overlay\"><\/div>\n\t\t\t\t\t\t\t\t\t\t\t\t\t\t<\/a>\n\t\t\t\t\t<\/div>\n\t\t\t\t\t<\/div>\n\t\t\t\t<\/div>\n\t\t\t\t<div class=\"elementor-element elementor-element-56f7ac5 elementor-widget elementor-widget-text-editor\" data-id=\"56f7ac5\" data-element_type=\"widget\" data-e-type=\"widget\" data-widget_type=\"text-editor.default\">\n\t\t\t\t<div class=\"elementor-widget-container\">\n\t\t\t\t\t\t\t\t\t<p style=\"margin: 0cm;\"><span style=\"font-size: 13.0pt;\">Ao dirigir-se \u00e0 assembleia, a Irm\u00e3 Eva Anju, superiora Provincial, apresentou o Centen\u00e1rio como \u00abuma oportunidade para\u00abuma tomada de consci\u00eancia da fidelidade de Deus na nossa vida e da coragem das primeiras Irm\u00e3s,\u00bb reafirmando a sua dedica\u00e7\u00e3o, ao servi\u00e7o das pessoas. \u00ab com a nossa doa\u00e7\u00e3o renovada, \u201cpara inflamar o mundo com amor e esperan\u00e7a \u00bb. Recordou tamb\u00e9m a riqueza hist\u00f3rica da Congrega\u00e7\u00e3o.\n\nFundada a 12 de Maio de 1807 em Cluny, Fran\u00e7a, pela Beata Ana Maria Javouhey, as Irm\u00e3s de S\u00e3o Jos\u00e9 de Cluny, chegaram em Pondicherry, \u00cdndia, em 1827. Em 1861, mudaram-se para Chandannagar, depois para Calcut\u00e1 e, finalmente em Kalimpong, em 1926. A sua miss\u00e3o inicial, levada a cabo em conjunto com os Padres das Miss\u00f5es Estrangeiras de Paris (MEP), os C\u00f3negos Regrantes da Su\u00ed\u00e7a, tinha como objetivo devolver a dignidade \u00e0s pessoas, atrav\u00e9s da educa\u00e7\u00e3o, do trabalho pastoral e dos cuidados de sa\u00fade nas aldeias mais remotas.<\/span><\/p>\t\t\t\t\t\t\t\t<\/div>\n\t\t\t\t<\/div>\n\t\t\t\t<div class=\"elementor-element elementor-element-e992549 elementor-skin-carousel elementor-arrows-yes elementor-pagination-type-bullets elementor-pagination-position-outside elementor-widget elementor-widget-media-carousel\" data-id=\"e992549\" data-element_type=\"widget\" data-e-type=\"widget\" data-settings=\"{&quot;autoplay_speed&quot;:2000,&quot;skin&quot;:&quot;carousel&quot;,&quot;effect&quot;:&quot;slide&quot;,&quot;show_arrows&quot;:&quot;yes&quot;,&quot;pagination&quot;:&quot;bullets&quot;,&quot;speed&quot;:500,&quot;autoplay&quot;:&quot;yes&quot;,&quot;loop&quot;:&quot;yes&quot;,&quot;pause_on_hover&quot;:&quot;yes&quot;,&quot;pause_on_interaction&quot;:&quot;yes&quot;,&quot;space_between&quot;:{&quot;unit&quot;:&quot;px&quot;,&quot;size&quot;:10,&quot;sizes&quot;:[]},&quot;space_between_tablet&quot;:{&quot;unit&quot;:&quot;px&quot;,&quot;size&quot;:10,&quot;sizes&quot;:[]},&quot;space_between_mobile&quot;:{&quot;unit&quot;:&quot;px&quot;,&quot;size&quot;:10,&quot;sizes&quot;:[]}}\" data-widget_type=\"media-carousel.default\">\n\t\t\t\t<div class=\"elementor-widget-container\">\n\t\t\t\t\t\t\t\t\t<div class=\"elementor-swiper\">\n\t\t\t\t\t<div class=\"elementor-main-swiper swiper\" role=\"region\" aria-roledescription=\"carousel\" aria-label=\"Deslizamentos\">\n\t\t\t\t<div class=\"swiper-wrapper\">\n\t\t\t\t\t\t\t\t\t\t\t<div class=\"swiper-slide\" role=\"group\" aria-roledescription=\"slide\">\n\t\t\t\t\t\t\t\t\t<div class=\"elementor-carousel-image\" role=\"img\" aria-label=\"DSC05426\" style=\"background-image: url(&#039;https:\/\/www.sj-cluny.org\/wp-content\/uploads\/2025\/11\/dsc05426-scaled-e1764277359202.jpg&#039;)\">\n\n\t\t\t\n\t\t\t\t\t<\/div>\n\t\t\t\t\t\t\t\t<\/div>\n\t\t\t\t\t\t\t\t\t\t\t<div class=\"swiper-slide\" role=\"group\" aria-roledescription=\"slide\">\n\t\t\t\t\t\t\t\t\t<div class=\"elementor-carousel-image\" role=\"img\" aria-label=\"DSC05428\" style=\"background-image: url(&#039;https:\/\/www.sj-cluny.org\/wp-content\/uploads\/2025\/11\/dsc05428-scaled.jpg&#039;)\">\n\n\t\t\t\n\t\t\t\t\t<\/div>\n\t\t\t\t\t\t\t\t<\/div>\n\t\t\t\t\t\t\t\t\t\t\t<div class=\"swiper-slide\" role=\"group\" aria-roledescription=\"slide\">\n\t\t\t\t\t\t\t\t\t<div class=\"elementor-carousel-image\" role=\"img\" aria-label=\"DSC05457\" style=\"background-image: url(&#039;https:\/\/www.sj-cluny.org\/wp-content\/uploads\/2025\/11\/dsc05457-scaled-e1764275247342.jpg&#039;)\">\n\n\t\t\t\n\t\t\t\t\t<\/div>\n\t\t\t\t\t\t\t\t<\/div>\n\t\t\t\t\t\t\t\t\t\t\t<div class=\"swiper-slide\" role=\"group\" aria-roledescription=\"slide\">\n\t\t\t\t\t\t\t\t\t<div class=\"elementor-carousel-image\" role=\"img\" aria-label=\"DSC05483\" style=\"background-image: url(&#039;https:\/\/www.sj-cluny.org\/wp-content\/uploads\/2025\/11\/dsc05483-scaled-e1765051947222.jpg&#039;)\">\n\n\t\t\t\n\t\t\t\t\t<\/div>\n\t\t\t\t\t\t\t\t<\/div>\n\t\t\t\t\t\t\t\t\t\t\t<div class=\"swiper-slide\" role=\"group\" aria-roledescription=\"slide\">\n\t\t\t\t\t\t\t\t\t<div class=\"elementor-carousel-image\" role=\"img\" aria-label=\"DSC05472\" style=\"background-image: url(&#039;https:\/\/www.sj-cluny.org\/wp-content\/uploads\/2025\/11\/dsc05472-scaled.jpg&#039;)\">\n\n\t\t\t\n\t\t\t\t\t<\/div>\n\t\t\t\t\t\t\t\t<\/div>\n\t\t\t\t\t\t\t\t\t<\/div>\n\t\t\t\t\t\t\t\t\t\t\t\t\t\t\t<div class=\"elementor-swiper-button elementor-swiper-button-prev\" role=\"button\" tabindex=\"0\" aria-label=\"Anterior\">\n\t\t\t\t\t\t\t<svg aria-hidden=\"true\" class=\"e-font-icon-svg e-eicon-chevron-left\" viewbox=\"0 0 1000 1000\" xmlns=\"http:\/\/www.w3.org\/2000\/svg\"><path d=\"M646 125C629 125 613 133 604 142L308 442C296 454 292 471 292 487 292 504 296 521 308 533L604 854C617 867 629 875 646 875 663 875 679 871 692 858 704 846 713 829 713 812 713 796 708 779 692 767L438 487 692 225C700 217 708 204 708 187 708 171 704 154 692 142 675 129 663 125 646 125Z\"><\/path><\/svg>\t\t\t\t\t\t<\/div>\n\t\t\t\t\t\t<div class=\"elementor-swiper-button elementor-swiper-button-next\" role=\"button\" tabindex=\"0\" aria-label=\"Seguinte\">\n\t\t\t\t\t\t\t<svg aria-hidden=\"true\" class=\"e-font-icon-svg e-eicon-chevron-right\" viewbox=\"0 0 1000 1000\" xmlns=\"http:\/\/www.w3.org\/2000\/svg\"><path d=\"M696 533C708 521 713 504 713 487 713 471 708 454 696 446L400 146C388 133 375 125 354 125 338 125 325 129 313 142 300 154 292 171 292 187 292 204 296 221 308 233L563 492 304 771C292 783 288 800 288 817 288 833 296 850 308 863 321 871 338 875 354 875 371 875 388 867 400 854L696 533Z\"><\/path><\/svg>\t\t\t\t\t\t<\/div>\n\t\t\t\t\t\t\t\t\t\t\t\t\t\t\t\t<div class=\"swiper-pagination\"><\/div>\n\t\t\t\t\t\t\t\t\t\t\t\t<\/div>\n\t\t\t\t<\/div>\n\t\t\t\t\t\t\t\t<\/div>\n\t\t\t\t<\/div>\n\t\t\t\t<div class=\"elementor-element elementor-element-24c2eb3 elementor-widget elementor-widget-text-editor\" data-id=\"24c2eb3\" data-element_type=\"widget\" data-e-type=\"widget\" data-widget_type=\"text-editor.default\">\n\t\t\t\t<div class=\"elementor-widget-container\">\n\t\t\t\t\t\t\t\t\t<p style=\"margin: 0cm; text-align: justify;\"><span style=\"font-size: 13.0pt;\">A Prov\u00edncia do Nordeste da \u00cdndia engloba, Kalimpong, Darjeeling, Siliguri, Jalpaiguri, Bagdogra, Sikkim, Assam, Arunachal Pradesh e o Vicariato Apost\u00f3lico do Nepal. Com 178 Irm\u00e3s, em 34 comunidades, continuam a viver o Carisma da nossa Fundadora. Est\u00e3o comprometidas na educa\u00e7\u00e3o, nos cuidados de sa\u00fade, na a\u00e7\u00e3o social, e pastoral, capacitando as mulheres e crian\u00e7as, na gest\u00e3o ambiental e desenvolvimento sustent\u00e1vel. Desta forma, continuam com o legado num servi\u00e7o que transforma e molda as novas gera\u00e7\u00f5es.<\/span><\/p>\t\t\t\t\t\t\t\t<\/div>\n\t\t\t\t<\/div>\n\t\t\t\t\t<\/div>\n\t\t\t\t<\/div>\n\t\t<div class=\"elementor-element elementor-element-8947c70 e-grid e-con-boxed e-con e-parent\" data-id=\"8947c70\" data-element_type=\"container\" data-e-type=\"container\">\n\t\t\t\t\t<div class=\"e-con-inner\">\n\t\t\t\t<div class=\"elementor-element elementor-element-33aa2e9 elementor-widget elementor-widget-image\" data-id=\"33aa2e9\" data-element_type=\"widget\" data-e-type=\"widget\" data-widget_type=\"image.default\">\n\t\t\t\t<div class=\"elementor-widget-container\">\n\t\t\t\t\t\t\t\t\t\t\t\t\t\t\t<img decoding=\"async\" width=\"800\" height=\"575\" src=\"https:\/\/www.sj-cluny.org\/wp-content\/uploads\/2025\/11\/the-telegraph.jpeg\" class=\"attachment-large size-large wp-image-4539\" alt=\"\" srcset=\"https:\/\/www.sj-cluny.org\/wp-content\/uploads\/2025\/11\/the-telegraph.jpeg 932w, https:\/\/www.sj-cluny.org\/wp-content\/uploads\/2025\/11\/the-telegraph-300x216.jpeg 300w, https:\/\/www.sj-cluny.org\/wp-content\/uploads\/2025\/11\/the-telegraph-768x552.jpeg 768w, https:\/\/www.sj-cluny.org\/wp-content\/uploads\/2025\/11\/the-telegraph-18x12.jpeg 18w\" sizes=\"(max-width: 800px) 100vw, 800px\" \/>\t\t\t\t\t\t\t\t\t\t\t\t\t\t\t<\/div>\n\t\t\t\t<\/div>\n\t\t\t\t<div class=\"elementor-element elementor-element-535f816 elementor-widget elementor-widget-text-editor\" data-id=\"535f816\" data-element_type=\"widget\" data-e-type=\"widget\" data-widget_type=\"text-editor.default\">\n\t\t\t\t<div class=\"elementor-widget-container\">\n\t\t\t\t\t\t\t\t\t<p style=\"margin: 0cm;\"><span style=\"font-size: 13.0pt;\">A cerim\u00f3nia terminou com uma mensagem de agradecimento da Irm\u00e3 Subeshna Thapa, assistente Provincial. Agradeceu a solicitude da Igreja, das organiza\u00e7\u00f5es governamentais e n\u00e3o governamentais, dos benfeitores e de todos.<\/span><\/p><p style=\"margin: 0cm;\"><span style=\"font-size: 13.0pt;\">\u00c0 medida que as celebra\u00e7\u00f5es do centen\u00e1rio v\u00e3o decorrendo ao longo do ano, rezamos com reconhecimento e gratid\u00e3o pelo servi\u00e7o prestado pelas nossas Irm\u00e3s, no passado e no presente, e pedimos a Deus que continue a aben\u00e7oar a Prov\u00edncia e sua miss\u00e3o.<\/span><\/p>\t\t\t\t\t\t\t\t<\/div>\n\t\t\t\t<\/div>\n\t\t\t\t\t<\/div>\n\t\t\t\t<\/div>\n\t\t\t\t<\/div>","protected":false},"excerpt":{"rendered":"<p>15 novembre 2025 (1926-2026) Les S\u0153urs de Saint-Joseph de Cluny, de la Province de l&rsquo;Inde du Nord-Est\/ N\u00e9pal, ont proc\u00e9d\u00e9 \u00e0 la c\u00e9r\u00e9monie d&rsquo;ouverture des c\u00e9l\u00e9brations marquant leurs 100 ans [&hellip;]<\/p>\n","protected":false},"author":2,"featured_media":4507,"comment_status":"closed","ping_status":"closed","sticky":false,"template":"","format":"standard","meta":{"_acf_changed":false,"footnotes":""},"categories":[1],"tags":[],"class_list":["post-4497","post","type-post","status-publish","format-standard","has-post-thumbnail","hentry","category-actualite"],"acf":[],"yoast_head":"<!-- This site is optimized with the Yoast SEO plugin v27.4 - https:\/\/yoast.com\/product\/yoast-seo-wordpress\/ -->\n<title>Ouverture des c\u00e9l\u00e9brations du Centenaire des S\u0153urs de Saint Joseph de Cluny \u00e0 Kalimpong, en Inde. - S\u0153urs de Saint-Joseph de Cluny<\/title>\n<meta name=\"robots\" content=\"index, follow, max-snippet:-1, max-image-preview:large, max-video-preview:-1\" \/>\n<link rel=\"canonical\" href=\"https:\/\/www.sj-cluny.org\/pt\/actualite\/les-soeurs-de-saint-joseph-de-cluny-ont-entame-les-celebrations-du-centenaire\/\" \/>\n<meta property=\"og:locale\" content=\"pt_PT\" \/>\n<meta property=\"og:type\" content=\"article\" \/>\n<meta property=\"og:title\" content=\"Ouverture des c\u00e9l\u00e9brations du Centenaire des S\u0153urs de Saint Joseph de Cluny \u00e0 Kalimpong, en Inde. - S\u0153urs de Saint-Joseph de Cluny\" \/>\n<meta property=\"og:description\" content=\"15 novembre 2025 (1926-2026) Les S\u0153urs de Saint-Joseph de Cluny, de la Province de l&rsquo;Inde du Nord-Est\/ N\u00e9pal, ont proc\u00e9d\u00e9 \u00e0 la c\u00e9r\u00e9monie d&rsquo;ouverture des c\u00e9l\u00e9brations marquant leurs 100 ans [&hellip;]\" \/>\n<meta property=\"og:url\" content=\"https:\/\/www.sj-cluny.org\/pt\/actualite\/les-soeurs-de-saint-joseph-de-cluny-ont-entame-les-celebrations-du-centenaire\/\" \/>\n<meta property=\"og:site_name\" content=\"S\u0153urs de Saint-Joseph de Cluny\" \/>\n<meta property=\"article:published_time\" content=\"2025-12-06T19:56:39+00:00\" \/>\n<meta property=\"article:modified_time\" content=\"2025-12-06T20:25:10+00:00\" \/>\n<meta property=\"og:image\" content=\"https:\/\/www.sj-cluny.org\/wp-content\/uploads\/2025\/11\/dsc05413-scaled-e1765052422933.jpg\" \/>\n\t<meta property=\"og:image:width\" content=\"400\" \/>\n\t<meta property=\"og:image:height\" content=\"267\" \/>\n\t<meta property=\"og:image:type\" content=\"image\/jpeg\" \/>\n<meta name=\"author\" content=\"soeur-francisca\" \/>\n<meta name=\"twitter:card\" content=\"summary_large_image\" \/>\n<meta name=\"twitter:label1\" content=\"Written by\" \/>\n\t<meta name=\"twitter:data1\" content=\"soeur-francisca\" \/>\n\t<meta name=\"twitter:label2\" content=\"Est. reading time\" \/>\n\t<meta name=\"twitter:data2\" content=\"4 minutes\" \/>\n<script type=\"application\/ld+json\" class=\"yoast-schema-graph\">{\"@context\":\"https:\\\/\\\/schema.org\",\"@graph\":[{\"@type\":\"Article\",\"@id\":\"https:\\\/\\\/www.sj-cluny.org\\\/actualite\\\/les-soeurs-de-saint-joseph-de-cluny-ont-entame-les-celebrations-du-centenaire\\\/#article\",\"isPartOf\":{\"@id\":\"https:\\\/\\\/www.sj-cluny.org\\\/actualite\\\/les-soeurs-de-saint-joseph-de-cluny-ont-entame-les-celebrations-du-centenaire\\\/\"},\"author\":{\"name\":\"soeur-francisca\",\"@id\":\"https:\\\/\\\/www.sj-cluny.org\\\/#\\\/schema\\\/person\\\/668a6c050484687158437cdd2bb77dd1\"},\"headline\":\"Ouverture des c\u00e9l\u00e9brations du Centenaire des S\u0153urs de Saint Joseph de Cluny \u00e0 Kalimpong, en Inde.\",\"datePublished\":\"2025-12-06T19:56:39+00:00\",\"dateModified\":\"2025-12-06T20:25:10+00:00\",\"mainEntityOfPage\":{\"@id\":\"https:\\\/\\\/www.sj-cluny.org\\\/actualite\\\/les-soeurs-de-saint-joseph-de-cluny-ont-entame-les-celebrations-du-centenaire\\\/\"},\"wordCount\":610,\"image\":{\"@id\":\"https:\\\/\\\/www.sj-cluny.org\\\/actualite\\\/les-soeurs-de-saint-joseph-de-cluny-ont-entame-les-celebrations-du-centenaire\\\/#primaryimage\"},\"thumbnailUrl\":\"https:\\\/\\\/www.sj-cluny.org\\\/wp-content\\\/uploads\\\/2025\\\/11\\\/dsc05413-scaled-e1765052422933.jpg\",\"articleSection\":[\"Actualit\u00e9\"],\"inLanguage\":\"pt-PT\"},{\"@type\":\"WebPage\",\"@id\":\"https:\\\/\\\/www.sj-cluny.org\\\/actualite\\\/les-soeurs-de-saint-joseph-de-cluny-ont-entame-les-celebrations-du-centenaire\\\/\",\"url\":\"https:\\\/\\\/www.sj-cluny.org\\\/actualite\\\/les-soeurs-de-saint-joseph-de-cluny-ont-entame-les-celebrations-du-centenaire\\\/\",\"name\":\"Ouverture des c\u00e9l\u00e9brations du Centenaire des S\u0153urs de Saint Joseph de Cluny \u00e0 Kalimpong, en Inde. - S\u0153urs de Saint-Joseph de Cluny\",\"isPartOf\":{\"@id\":\"https:\\\/\\\/www.sj-cluny.org\\\/#website\"},\"primaryImageOfPage\":{\"@id\":\"https:\\\/\\\/www.sj-cluny.org\\\/actualite\\\/les-soeurs-de-saint-joseph-de-cluny-ont-entame-les-celebrations-du-centenaire\\\/#primaryimage\"},\"image\":{\"@id\":\"https:\\\/\\\/www.sj-cluny.org\\\/actualite\\\/les-soeurs-de-saint-joseph-de-cluny-ont-entame-les-celebrations-du-centenaire\\\/#primaryimage\"},\"thumbnailUrl\":\"https:\\\/\\\/www.sj-cluny.org\\\/wp-content\\\/uploads\\\/2025\\\/11\\\/dsc05413-scaled-e1765052422933.jpg\",\"datePublished\":\"2025-12-06T19:56:39+00:00\",\"dateModified\":\"2025-12-06T20:25:10+00:00\",\"author\":{\"@id\":\"https:\\\/\\\/www.sj-cluny.org\\\/#\\\/schema\\\/person\\\/668a6c050484687158437cdd2bb77dd1\"},\"breadcrumb\":{\"@id\":\"https:\\\/\\\/www.sj-cluny.org\\\/actualite\\\/les-soeurs-de-saint-joseph-de-cluny-ont-entame-les-celebrations-du-centenaire\\\/#breadcrumb\"},\"inLanguage\":\"pt-PT\",\"potentialAction\":[{\"@type\":\"ReadAction\",\"target\":[\"https:\\\/\\\/www.sj-cluny.org\\\/actualite\\\/les-soeurs-de-saint-joseph-de-cluny-ont-entame-les-celebrations-du-centenaire\\\/\"]}]},{\"@type\":\"ImageObject\",\"inLanguage\":\"pt-PT\",\"@id\":\"https:\\\/\\\/www.sj-cluny.org\\\/actualite\\\/les-soeurs-de-saint-joseph-de-cluny-ont-entame-les-celebrations-du-centenaire\\\/#primaryimage\",\"url\":\"https:\\\/\\\/www.sj-cluny.org\\\/wp-content\\\/uploads\\\/2025\\\/11\\\/dsc05413-scaled-e1765052422933.jpg\",\"contentUrl\":\"https:\\\/\\\/www.sj-cluny.org\\\/wp-content\\\/uploads\\\/2025\\\/11\\\/dsc05413-scaled-e1765052422933.jpg\",\"width\":400,\"height\":267},{\"@type\":\"BreadcrumbList\",\"@id\":\"https:\\\/\\\/www.sj-cluny.org\\\/actualite\\\/les-soeurs-de-saint-joseph-de-cluny-ont-entame-les-celebrations-du-centenaire\\\/#breadcrumb\",\"itemListElement\":[{\"@type\":\"ListItem\",\"position\":1,\"name\":\"Accueil\",\"item\":\"https:\\\/\\\/www.sj-cluny.org\\\/\"},{\"@type\":\"ListItem\",\"position\":2,\"name\":\"Ouverture des c\u00e9l\u00e9brations du Centenaire des S\u0153urs de Saint Joseph de Cluny \u00e0 Kalimpong, en Inde.\"}]},{\"@type\":\"WebSite\",\"@id\":\"https:\\\/\\\/www.sj-cluny.org\\\/#website\",\"url\":\"https:\\\/\\\/www.sj-cluny.org\\\/\",\"name\":\"S\u0153urs de Saint-Joseph de Cluny\",\"description\":\"\",\"potentialAction\":[{\"@type\":\"SearchAction\",\"target\":{\"@type\":\"EntryPoint\",\"urlTemplate\":\"https:\\\/\\\/www.sj-cluny.org\\\/?s={search_term_string}\"},\"query-input\":{\"@type\":\"PropertyValueSpecification\",\"valueRequired\":true,\"valueName\":\"search_term_string\"}}],\"inLanguage\":\"pt-PT\"},{\"@type\":\"Person\",\"@id\":\"https:\\\/\\\/www.sj-cluny.org\\\/#\\\/schema\\\/person\\\/668a6c050484687158437cdd2bb77dd1\",\"name\":\"soeur-francisca\",\"image\":{\"@type\":\"ImageObject\",\"inLanguage\":\"pt-PT\",\"@id\":\"https:\\\/\\\/secure.gravatar.com\\\/avatar\\\/d9128aa0158e0af474f8fc6d1de64d386e8feba3a5462f1896e84d62e92b9d25?s=96&d=mm&r=g\",\"url\":\"https:\\\/\\\/secure.gravatar.com\\\/avatar\\\/d9128aa0158e0af474f8fc6d1de64d386e8feba3a5462f1896e84d62e92b9d25?s=96&d=mm&r=g\",\"contentUrl\":\"https:\\\/\\\/secure.gravatar.com\\\/avatar\\\/d9128aa0158e0af474f8fc6d1de64d386e8feba3a5462f1896e84d62e92b9d25?s=96&d=mm&r=g\",\"caption\":\"soeur-francisca\"}}]}<\/script>\n<!-- \/ Yoast SEO plugin. -->","yoast_head_json":{"title":"Ouverture des c\u00e9l\u00e9brations du Centenaire des S\u0153urs de Saint Joseph de Cluny \u00e0 Kalimpong, en Inde. - S\u0153urs de Saint-Joseph de Cluny","robots":{"index":"index","follow":"follow","max-snippet":"max-snippet:-1","max-image-preview":"max-image-preview:large","max-video-preview":"max-video-preview:-1"},"canonical":"https:\/\/www.sj-cluny.org\/pt\/actualite\/les-soeurs-de-saint-joseph-de-cluny-ont-entame-les-celebrations-du-centenaire\/","og_locale":"pt_PT","og_type":"article","og_title":"Ouverture des c\u00e9l\u00e9brations du Centenaire des S\u0153urs de Saint Joseph de Cluny \u00e0 Kalimpong, en Inde. - S\u0153urs de Saint-Joseph de Cluny","og_description":"15 novembre 2025 (1926-2026) Les S\u0153urs de Saint-Joseph de Cluny, de la Province de l&rsquo;Inde du Nord-Est\/ N\u00e9pal, ont proc\u00e9d\u00e9 \u00e0 la c\u00e9r\u00e9monie d&rsquo;ouverture des c\u00e9l\u00e9brations marquant leurs 100 ans [&hellip;]","og_url":"https:\/\/www.sj-cluny.org\/pt\/actualite\/les-soeurs-de-saint-joseph-de-cluny-ont-entame-les-celebrations-du-centenaire\/","og_site_name":"S\u0153urs de Saint-Joseph de Cluny","article_published_time":"2025-12-06T19:56:39+00:00","article_modified_time":"2025-12-06T20:25:10+00:00","og_image":[{"width":400,"height":267,"url":"https:\/\/www.sj-cluny.org\/wp-content\/uploads\/2025\/11\/dsc05413-scaled-e1765052422933.jpg","type":"image\/jpeg"}],"author":"soeur-francisca","twitter_card":"summary_large_image","twitter_misc":{"Written by":"soeur-francisca","Est. reading time":"4 minutes"},"schema":{"@context":"https:\/\/schema.org","@graph":[{"@type":"Article","@id":"https:\/\/www.sj-cluny.org\/actualite\/les-soeurs-de-saint-joseph-de-cluny-ont-entame-les-celebrations-du-centenaire\/#article","isPartOf":{"@id":"https:\/\/www.sj-cluny.org\/actualite\/les-soeurs-de-saint-joseph-de-cluny-ont-entame-les-celebrations-du-centenaire\/"},"author":{"name":"soeur-francisca","@id":"https:\/\/www.sj-cluny.org\/#\/schema\/person\/668a6c050484687158437cdd2bb77dd1"},"headline":"Ouverture des c\u00e9l\u00e9brations du Centenaire des S\u0153urs de Saint Joseph de Cluny \u00e0 Kalimpong, en Inde.","datePublished":"2025-12-06T19:56:39+00:00","dateModified":"2025-12-06T20:25:10+00:00","mainEntityOfPage":{"@id":"https:\/\/www.sj-cluny.org\/actualite\/les-soeurs-de-saint-joseph-de-cluny-ont-entame-les-celebrations-du-centenaire\/"},"wordCount":610,"image":{"@id":"https:\/\/www.sj-cluny.org\/actualite\/les-soeurs-de-saint-joseph-de-cluny-ont-entame-les-celebrations-du-centenaire\/#primaryimage"},"thumbnailUrl":"https:\/\/www.sj-cluny.org\/wp-content\/uploads\/2025\/11\/dsc05413-scaled-e1765052422933.jpg","articleSection":["Actualit\u00e9"],"inLanguage":"pt-PT"},{"@type":"WebPage","@id":"https:\/\/www.sj-cluny.org\/actualite\/les-soeurs-de-saint-joseph-de-cluny-ont-entame-les-celebrations-du-centenaire\/","url":"https:\/\/www.sj-cluny.org\/actualite\/les-soeurs-de-saint-joseph-de-cluny-ont-entame-les-celebrations-du-centenaire\/","name":"Ouverture des c\u00e9l\u00e9brations du Centenaire des S\u0153urs de Saint Joseph de Cluny \u00e0 Kalimpong, en Inde. - S\u0153urs de Saint-Joseph de Cluny","isPartOf":{"@id":"https:\/\/www.sj-cluny.org\/#website"},"primaryImageOfPage":{"@id":"https:\/\/www.sj-cluny.org\/actualite\/les-soeurs-de-saint-joseph-de-cluny-ont-entame-les-celebrations-du-centenaire\/#primaryimage"},"image":{"@id":"https:\/\/www.sj-cluny.org\/actualite\/les-soeurs-de-saint-joseph-de-cluny-ont-entame-les-celebrations-du-centenaire\/#primaryimage"},"thumbnailUrl":"https:\/\/www.sj-cluny.org\/wp-content\/uploads\/2025\/11\/dsc05413-scaled-e1765052422933.jpg","datePublished":"2025-12-06T19:56:39+00:00","dateModified":"2025-12-06T20:25:10+00:00","author":{"@id":"https:\/\/www.sj-cluny.org\/#\/schema\/person\/668a6c050484687158437cdd2bb77dd1"},"breadcrumb":{"@id":"https:\/\/www.sj-cluny.org\/actualite\/les-soeurs-de-saint-joseph-de-cluny-ont-entame-les-celebrations-du-centenaire\/#breadcrumb"},"inLanguage":"pt-PT","potentialAction":[{"@type":"ReadAction","target":["https:\/\/www.sj-cluny.org\/actualite\/les-soeurs-de-saint-joseph-de-cluny-ont-entame-les-celebrations-du-centenaire\/"]}]},{"@type":"ImageObject","inLanguage":"pt-PT","@id":"https:\/\/www.sj-cluny.org\/actualite\/les-soeurs-de-saint-joseph-de-cluny-ont-entame-les-celebrations-du-centenaire\/#primaryimage","url":"https:\/\/www.sj-cluny.org\/wp-content\/uploads\/2025\/11\/dsc05413-scaled-e1765052422933.jpg","contentUrl":"https:\/\/www.sj-cluny.org\/wp-content\/uploads\/2025\/11\/dsc05413-scaled-e1765052422933.jpg","width":400,"height":267},{"@type":"BreadcrumbList","@id":"https:\/\/www.sj-cluny.org\/actualite\/les-soeurs-de-saint-joseph-de-cluny-ont-entame-les-celebrations-du-centenaire\/#breadcrumb","itemListElement":[{"@type":"ListItem","position":1,"name":"Accueil","item":"https:\/\/www.sj-cluny.org\/"},{"@type":"ListItem","position":2,"name":"Ouverture des c\u00e9l\u00e9brations du Centenaire des S\u0153urs de Saint Joseph de Cluny \u00e0 Kalimpong, en Inde."}]},{"@type":"WebSite","@id":"https:\/\/www.sj-cluny.org\/#website","url":"https:\/\/www.sj-cluny.org\/","name":"Irm\u00e3s de S\u00e3o Jos\u00e9 de Cluny","description":"","potentialAction":[{"@type":"SearchAction","target":{"@type":"EntryPoint","urlTemplate":"https:\/\/www.sj-cluny.org\/?s={search_term_string}"},"query-input":{"@type":"PropertyValueSpecification","valueRequired":true,"valueName":"search_term_string"}}],"inLanguage":"pt-PT"},{"@type":"Person","@id":"https:\/\/www.sj-cluny.org\/#\/schema\/person\/668a6c050484687158437cdd2bb77dd1","name":"soeur-francisca","image":{"@type":"ImageObject","inLanguage":"pt-PT","@id":"https:\/\/secure.gravatar.com\/avatar\/d9128aa0158e0af474f8fc6d1de64d386e8feba3a5462f1896e84d62e92b9d25?s=96&d=mm&r=g","url":"https:\/\/secure.gravatar.com\/avatar\/d9128aa0158e0af474f8fc6d1de64d386e8feba3a5462f1896e84d62e92b9d25?s=96&d=mm&r=g","contentUrl":"https:\/\/secure.gravatar.com\/avatar\/d9128aa0158e0af474f8fc6d1de64d386e8feba3a5462f1896e84d62e92b9d25?s=96&d=mm&r=g","caption":"soeur-francisca"}}]}},"_links":{"self":[{"href":"https:\/\/www.sj-cluny.org\/pt\/wp-json\/wp\/v2\/posts\/4497","targetHints":{"allow":["GET"]}}],"collection":[{"href":"https:\/\/www.sj-cluny.org\/pt\/wp-json\/wp\/v2\/posts"}],"about":[{"href":"https:\/\/www.sj-cluny.org\/pt\/wp-json\/wp\/v2\/types\/post"}],"author":[{"embeddable":true,"href":"https:\/\/www.sj-cluny.org\/pt\/wp-json\/wp\/v2\/users\/2"}],"replies":[{"embeddable":true,"href":"https:\/\/www.sj-cluny.org\/pt\/wp-json\/wp\/v2\/comments?post=4497"}],"version-history":[{"count":10,"href":"https:\/\/www.sj-cluny.org\/pt\/wp-json\/wp\/v2\/posts\/4497\/revisions"}],"predecessor-version":[{"id":4917,"href":"https:\/\/www.sj-cluny.org\/pt\/wp-json\/wp\/v2\/posts\/4497\/revisions\/4917"}],"wp:featuredmedia":[{"embeddable":true,"href":"https:\/\/www.sj-cluny.org\/pt\/wp-json\/wp\/v2\/media\/4507"}],"wp:attachment":[{"href":"https:\/\/www.sj-cluny.org\/pt\/wp-json\/wp\/v2\/media?parent=4497"}],"wp:term":[{"taxonomy":"category","embeddable":true,"href":"https:\/\/www.sj-cluny.org\/pt\/wp-json\/wp\/v2\/categories?post=4497"},{"taxonomy":"post_tag","embeddable":true,"href":"https:\/\/www.sj-cluny.org\/pt\/wp-json\/wp\/v2\/tags?post=4497"}],"curies":[{"name":"wp","href":"https:\/\/api.w.org\/{rel}","templated":true}]}}