{"id":4497,"date":"2025-12-06T20:56:39","date_gmt":"2025-12-06T19:56:39","guid":{"rendered":"https:\/\/www.sj-cluny.org\/?p=4497"},"modified":"2025-12-06T21:25:10","modified_gmt":"2025-12-06T20:25:10","slug":"les-soeurs-de-saint-joseph-de-cluny-ont-entame-les-celebrations-du-centenaire","status":"publish","type":"post","link":"https:\/\/www.sj-cluny.org\/es\/actualite\/les-soeurs-de-saint-joseph-de-cluny-ont-entame-les-celebrations-du-centenaire\/","title":{"rendered":"Apertura de las celebraciones del Centenario de las Hermanas de San Jos\u00e9 de Cluny en Kalimpong, India."},"content":{"rendered":"<div data-elementor-type=\"wp-post\" data-elementor-id=\"4497\" class=\"elementor elementor-4497\" data-elementor-post-type=\"post\">\n\t\t\t\t<div class=\"elementor-element elementor-element-050945e e-con-full e-flex e-con e-parent\" data-id=\"050945e\" data-element_type=\"container\" data-e-type=\"container\">\n\t\t\t\t<div class=\"elementor-element elementor-element-b7632b1 elementor-widget elementor-widget-heading\" data-id=\"b7632b1\" data-element_type=\"widget\" data-e-type=\"widget\" data-widget_type=\"heading.default\">\n\t\t\t\t<div class=\"elementor-widget-container\">\n\t\t\t\t\t<h2 class=\"elementor-heading-title elementor-size-default\">\n 15 de noviembre de 2025\n<\/h2>\t\t\t\t<\/div>\n\t\t\t\t<\/div>\n\t\t\t\t<div class=\"elementor-element elementor-element-7e31770 elementor-widget elementor-widget-heading\" data-id=\"7e31770\" data-element_type=\"widget\" data-e-type=\"widget\" data-widget_type=\"heading.default\">\n\t\t\t\t<div class=\"elementor-widget-container\">\n\t\t\t\t\t<h2 class=\"elementor-heading-title elementor-size-default\">(1926-2026)\n<\/h2>\t\t\t\t<\/div>\n\t\t\t\t<\/div>\n\t\t\t\t<div class=\"elementor-element elementor-element-44f216f elementor-widget elementor-widget-text-editor\" data-id=\"44f216f\" data-element_type=\"widget\" data-e-type=\"widget\" data-widget_type=\"text-editor.default\">\n\t\t\t\t<div class=\"elementor-widget-container\">\n\t\t\t\t\t\t\t\t\t<p style=\"margin: 0cm; text-align: justify;\"><span style=\"font-size: 13.0pt;\">Las Hermanas de San Jos\u00e9 de Cluny, de la Provincia de India del Nordeste\/Nepal, tuvieron la ceremonia de apertura de las celebraciones de los 100 a\u00f1os de presencia y servicio en la provincia. Conmemoran la llegada de las primeras Hermanas de San Jos\u00e9 de Cluny el 26 de mayo de 1926.<\/span><\/p>\t\t\t\t\t\t\t\t<\/div>\n\t\t\t\t<\/div>\n\t\t\t\t<div class=\"elementor-element elementor-element-c9015fa elementor-skin-carousel elementor-arrows-yes elementor-pagination-type-bullets elementor-pagination-position-outside elementor-widget elementor-widget-media-carousel\" data-id=\"c9015fa\" data-element_type=\"widget\" data-e-type=\"widget\" data-settings=\"{&quot;autoplay_speed&quot;:1599,&quot;space_between&quot;:{&quot;unit&quot;:&quot;px&quot;,&quot;size&quot;:7,&quot;sizes&quot;:[]},&quot;skin&quot;:&quot;carousel&quot;,&quot;effect&quot;:&quot;slide&quot;,&quot;show_arrows&quot;:&quot;yes&quot;,&quot;pagination&quot;:&quot;bullets&quot;,&quot;speed&quot;:500,&quot;autoplay&quot;:&quot;yes&quot;,&quot;loop&quot;:&quot;yes&quot;,&quot;pause_on_hover&quot;:&quot;yes&quot;,&quot;pause_on_interaction&quot;:&quot;yes&quot;,&quot;space_between_tablet&quot;:{&quot;unit&quot;:&quot;px&quot;,&quot;size&quot;:10,&quot;sizes&quot;:[]},&quot;space_between_mobile&quot;:{&quot;unit&quot;:&quot;px&quot;,&quot;size&quot;:10,&quot;sizes&quot;:[]}}\" data-widget_type=\"media-carousel.default\">\n\t\t\t\t<div class=\"elementor-widget-container\">\n\t\t\t\t\t\t\t\t\t<div class=\"elementor-swiper\">\n\t\t\t\t\t<div class=\"elementor-main-swiper swiper\" role=\"region\" aria-roledescription=\"carousel\" aria-label=\"Diapositivas\">\n\t\t\t\t<div class=\"swiper-wrapper\">\n\t\t\t\t\t\t\t\t\t\t\t<div class=\"swiper-slide\" role=\"group\" aria-roledescription=\"slide\">\n\t\t\t\t\t\t\t\t\t<div class=\"elementor-carousel-image\" role=\"img\" aria-label=\"DSC05336\" style=\"background-image: url(&#039;https:\/\/www.sj-cluny.org\/wp-content\/uploads\/2025\/11\/dsc05336-scaled-e1764274105431.jpg&#039;)\">\n\n\t\t\t\n\t\t\t\t\t<\/div>\n\t\t\t\t\t\t\t\t<\/div>\n\t\t\t\t\t\t\t\t\t\t\t<div class=\"swiper-slide\" role=\"group\" aria-roledescription=\"slide\">\n\t\t\t\t\t\t\t\t\t<div class=\"elementor-carousel-image\" role=\"img\" aria-label=\"DSC05315\" style=\"background-image: url(&#039;https:\/\/www.sj-cluny.org\/wp-content\/uploads\/2025\/11\/dsc05315-scaled-e1764274163659.jpg&#039;)\">\n\n\t\t\t\n\t\t\t\t\t<\/div>\n\t\t\t\t\t\t\t\t<\/div>\n\t\t\t\t\t\t\t\t\t\t\t<div class=\"swiper-slide\" role=\"group\" aria-roledescription=\"slide\">\n\t\t\t\t\t\t\t\t\t<div class=\"elementor-carousel-image\" role=\"img\" aria-label=\"DSC05440\" style=\"background-image: url(&#039;https:\/\/www.sj-cluny.org\/wp-content\/uploads\/2025\/11\/dsc05440-scaled.jpg&#039;)\">\n\n\t\t\t\n\t\t\t\t\t<\/div>\n\t\t\t\t\t\t\t\t<\/div>\n\t\t\t\t\t\t\t\t\t<\/div>\n\t\t\t\t\t\t\t\t\t\t\t\t\t\t\t<div class=\"elementor-swiper-button elementor-swiper-button-prev\" role=\"button\" tabindex=\"0\" aria-label=\"Anterior\">\n\t\t\t\t\t\t\t<svg aria-hidden=\"true\" class=\"e-font-icon-svg e-eicon-chevron-left\" viewbox=\"0 0 1000 1000\" xmlns=\"http:\/\/www.w3.org\/2000\/svg\"><path d=\"M646 125C629 125 613 133 604 142L308 442C296 454 292 471 292 487 292 504 296 521 308 533L604 854C617 867 629 875 646 875 663 875 679 871 692 858 704 846 713 829 713 812 713 796 708 779 692 767L438 487 692 225C700 217 708 204 708 187 708 171 704 154 692 142 675 129 663 125 646 125Z\"><\/path><\/svg>\t\t\t\t\t\t<\/div>\n\t\t\t\t\t\t<div class=\"elementor-swiper-button elementor-swiper-button-next\" role=\"button\" tabindex=\"0\" aria-label=\"Siguiente\">\n\t\t\t\t\t\t\t<svg aria-hidden=\"true\" class=\"e-font-icon-svg e-eicon-chevron-right\" viewbox=\"0 0 1000 1000\" xmlns=\"http:\/\/www.w3.org\/2000\/svg\"><path d=\"M696 533C708 521 713 504 713 487 713 471 708 454 696 446L400 146C388 133 375 125 354 125 338 125 325 129 313 142 300 154 292 171 292 187 292 204 296 221 308 233L563 492 304 771C292 783 288 800 288 817 288 833 296 850 308 863 321 871 338 875 354 875 371 875 388 867 400 854L696 533Z\"><\/path><\/svg>\t\t\t\t\t\t<\/div>\n\t\t\t\t\t\t\t\t\t\t\t\t\t\t\t\t<div class=\"swiper-pagination\"><\/div>\n\t\t\t\t\t\t\t\t\t\t\t\t<\/div>\n\t\t\t\t<\/div>\n\t\t\t\t\t\t\t\t<\/div>\n\t\t\t\t<\/div>\n\t\t\t\t<div class=\"elementor-element elementor-element-2c1b021 elementor-widget elementor-widget-text-editor\" data-id=\"2c1b021\" data-element_type=\"widget\" data-e-type=\"widget\" data-widget_type=\"text-editor.default\">\n\t\t\t\t<div class=\"elementor-widget-container\">\n\t\t\t\t\t\t\t\t\t<p style=\"margin: 0cm; text-align: justify;\"><span style=\"font-size: 13.0pt;\">El a\u00f1o del centenario se inaugur\u00f3 oficialmente con el estreno del tema musical del centenario, seguido de una misa de acci\u00f3n de gracias concelebrada por monse\u00f1or Stephen Lepcha, DD (di\u00f3cesis de Darjeeling), monse\u00f1or Paul Simick, DD (di\u00f3cesis de Bagdogra), y monse\u00f1or Fabian Toppo, DD (di\u00f3cesis de Jalpaiguri), rodeados por m\u00e1s de 48 sacerdotes.<\/span><\/p>\t\t\t\t\t\t\t\t<\/div>\n\t\t\t\t<\/div>\n\t\t\t\t<div class=\"elementor-element elementor-element-b8177f8 elementor--h-position-center elementor--v-position-middle elementor-arrows-position-inside elementor-pagination-position-inside elementor-widget elementor-widget-slides\" data-id=\"b8177f8\" data-element_type=\"widget\" data-e-type=\"widget\" data-settings=\"{&quot;transition&quot;:&quot;fade&quot;,&quot;autoplay_speed&quot;:2000,&quot;transition_speed&quot;:200,&quot;navigation&quot;:&quot;both&quot;,&quot;autoplay&quot;:&quot;yes&quot;,&quot;pause_on_hover&quot;:&quot;yes&quot;,&quot;pause_on_interaction&quot;:&quot;yes&quot;,&quot;infinite&quot;:&quot;yes&quot;}\" data-widget_type=\"slides.default\">\n\t\t\t\t<div class=\"elementor-widget-container\">\n\t\t\t\t\t\t\t\t\t<div class=\"elementor-swiper\">\n\t\t\t\t\t<div class=\"elementor-slides-wrapper elementor-main-swiper swiper\" role=\"region\" aria-roledescription=\"carousel\" aria-label=\"Diapositivas\" dir=\"ltr\" data-animation=\"\">\n\t\t\t\t<div class=\"swiper-wrapper elementor-slides\">\n\t\t\t\t\t\t\t\t\t\t<div class=\"elementor-repeater-item-4177dad swiper-slide\" role=\"group\" aria-roledescription=\"slide\"><div class=\"swiper-slide-bg\" role=\"img\" aria-label=\"DSC05423\"><\/div><div class=\"swiper-slide-inner\" ><div class=\"swiper-slide-contents\"><\/div><\/div><\/div><div class=\"elementor-repeater-item-bc9f68a swiper-slide\" role=\"group\" aria-roledescription=\"slide\"><div class=\"swiper-slide-bg\" role=\"img\" aria-label=\"DSC05400\"><\/div><div class=\"swiper-slide-inner\" ><div class=\"swiper-slide-contents\"><\/div><\/div><\/div><div class=\"elementor-repeater-item-14a9efd swiper-slide\" role=\"group\" aria-roledescription=\"slide\"><div class=\"swiper-slide-bg\" role=\"img\" aria-label=\"DSC05418\"><\/div><div class=\"swiper-slide-inner\" ><div class=\"swiper-slide-contents\"><\/div><\/div><\/div><div class=\"elementor-repeater-item-42dcef8 swiper-slide\" role=\"group\" aria-roledescription=\"slide\"><div class=\"swiper-slide-bg\" role=\"img\" aria-label=\"DSC05497\"><\/div><div class=\"swiper-slide-inner\" ><div class=\"swiper-slide-contents\"><\/div><\/div><\/div><div class=\"elementor-repeater-item-fa4511d swiper-slide\" role=\"group\" aria-roledescription=\"slide\"><div class=\"swiper-slide-bg\" role=\"img\" aria-label=\"DSC05446\"><\/div><div class=\"swiper-slide-inner\" ><div class=\"swiper-slide-contents\"><\/div><\/div><\/div>\t\t\t\t<\/div>\n\t\t\t\t\t\t\t\t\t\t\t\t\t\t\t<div class=\"elementor-swiper-button elementor-swiper-button-prev\" role=\"button\" tabindex=\"0\" aria-label=\"Diapositiva anterior\">\n\t\t\t\t\t\t\t<svg aria-hidden=\"true\" class=\"e-font-icon-svg e-eicon-chevron-left\" viewbox=\"0 0 1000 1000\" xmlns=\"http:\/\/www.w3.org\/2000\/svg\"><path d=\"M646 125C629 125 613 133 604 142L308 442C296 454 292 471 292 487 292 504 296 521 308 533L604 854C617 867 629 875 646 875 663 875 679 871 692 858 704 846 713 829 713 812 713 796 708 779 692 767L438 487 692 225C700 217 708 204 708 187 708 171 704 154 692 142 675 129 663 125 646 125Z\"><\/path><\/svg>\t\t\t\t\t\t<\/div>\n\t\t\t\t\t\t<div class=\"elementor-swiper-button elementor-swiper-button-next\" role=\"button\" tabindex=\"0\" aria-label=\"Siguiente diapositiva\">\n\t\t\t\t\t\t\t<svg aria-hidden=\"true\" class=\"e-font-icon-svg e-eicon-chevron-right\" viewbox=\"0 0 1000 1000\" xmlns=\"http:\/\/www.w3.org\/2000\/svg\"><path d=\"M696 533C708 521 713 504 713 487 713 471 708 454 696 446L400 146C388 133 375 125 354 125 338 125 325 129 313 142 300 154 292 171 292 187 292 204 296 221 308 233L563 492 304 771C292 783 288 800 288 817 288 833 296 850 308 863 321 871 338 875 354 875 371 875 388 867 400 854L696 533Z\"><\/path><\/svg>\t\t\t\t\t\t<\/div>\n\t\t\t\t\t\t\t\t\t\t\t\t\t\t\t\t<div class=\"swiper-pagination\"><\/div>\n\t\t\t\t\t\t\t\t\t\t\t\t<\/div>\n\t\t\t\t<\/div>\n\t\t\t\t\t\t\t\t<\/div>\n\t\t\t\t<\/div>\n\t\t\t\t<div class=\"elementor-element elementor-element-5224aea elementor-widget elementor-widget-text-editor\" data-id=\"5224aea\" data-element_type=\"widget\" data-e-type=\"widget\" data-widget_type=\"text-editor.default\">\n\t\t\t\t<div class=\"elementor-widget-container\">\n\t\t\t\t\t\t\t\t\t<p>En su discurso, Monse\u00f1or Lepcha rindi\u00f3 homenaje a las hermanas pioneras de San Jos\u00e9 de Cluny por su esp\u00edritu misionero y su decisiva contribuci\u00f3n a la formaci\u00f3n religiosa, la educaci\u00f3n, la atenci\u00f3n pastoral, la asistencia sanitaria y la mejora social en las colinas de Kalimpong.<\/p>\t\t\t\t\t\t\t\t<\/div>\n\t\t\t\t<\/div>\n\t\t\t\t<\/div>\n\t\t<div class=\"elementor-element elementor-element-3873649 e-grid e-con-boxed e-con e-parent\" data-id=\"3873649\" data-element_type=\"container\" data-e-type=\"container\">\n\t\t\t\t\t<div class=\"e-con-inner\">\n\t\t\t\t<div class=\"elementor-element elementor-element-f64f905 elementor-widget elementor-widget-image\" data-id=\"f64f905\" data-element_type=\"widget\" data-e-type=\"widget\" data-widget_type=\"image.default\">\n\t\t\t\t<div class=\"elementor-widget-container\">\n\t\t\t\t\t\t\t\t\t\t\t\t\t\t\t<img fetchpriority=\"high\" decoding=\"async\" width=\"800\" height=\"534\" src=\"https:\/\/www.sj-cluny.org\/wp-content\/uploads\/2025\/11\/dsc05750-1024x683.jpg\" class=\"attachment-large size-large wp-image-4526\" alt=\"\" srcset=\"https:\/\/www.sj-cluny.org\/wp-content\/uploads\/2025\/11\/dsc05750-1024x683.jpg 1024w, https:\/\/www.sj-cluny.org\/wp-content\/uploads\/2025\/11\/dsc05750-300x200.jpg 300w, https:\/\/www.sj-cluny.org\/wp-content\/uploads\/2025\/11\/dsc05750-768x512.jpg 768w, https:\/\/www.sj-cluny.org\/wp-content\/uploads\/2025\/11\/dsc05750-1536x1024.jpg 1536w, https:\/\/www.sj-cluny.org\/wp-content\/uploads\/2025\/11\/dsc05750-2048x1365.jpg 2048w, https:\/\/www.sj-cluny.org\/wp-content\/uploads\/2025\/11\/dsc05750-18x12.jpg 18w\" sizes=\"(max-width: 800px) 100vw, 800px\" \/>\t\t\t\t\t\t\t\t\t\t\t\t\t\t\t<\/div>\n\t\t\t\t<\/div>\n\t\t\t\t<div class=\"elementor-element elementor-element-bc58e4c elementor-widget elementor-widget-text-editor\" data-id=\"bc58e4c\" data-element_type=\"widget\" data-e-type=\"widget\" data-widget_type=\"text-editor.default\">\n\t\t\t\t<div class=\"elementor-widget-container\">\n\t\t\t\t\t\t\t\t\t<p style=\"margin: 0cm;\"><span style=\"font-size: 13.0pt;\">El acto reuni\u00f3 a m\u00e1s de 155 hermanas de San Jos\u00e9 de Cluny, as\u00ed como a representantes de diversas congregaciones religiosas, antiguos alumnos, benefactores, padres, autoridades civiles, profesores y alumnos. El programa inclu\u00eda presentaciones culturales, relatos hist\u00f3ricos y un espect\u00e1culo de luces y sombras que rememoraba el centenario de la Congregaci\u00f3n.<\/span><\/p>\t\t\t\t\t\t\t\t<\/div>\n\t\t\t\t<\/div>\n\t\t\t\t\t<\/div>\n\t\t\t\t<\/div>\n\t\t<div class=\"elementor-element elementor-element-bd6b597 e-flex e-con-boxed e-con e-parent\" data-id=\"bd6b597\" data-element_type=\"container\" data-e-type=\"container\">\n\t\t\t\t\t<div class=\"e-con-inner\">\n\t\t\t\t<div class=\"elementor-element elementor-element-b2cf2e0 elementor-widget elementor-widget-gallery\" data-id=\"b2cf2e0\" data-element_type=\"widget\" data-e-type=\"widget\" data-settings=\"{&quot;lazyload&quot;:&quot;yes&quot;,&quot;gallery_layout&quot;:&quot;grid&quot;,&quot;columns&quot;:4,&quot;columns_tablet&quot;:2,&quot;columns_mobile&quot;:1,&quot;gap&quot;:{&quot;unit&quot;:&quot;px&quot;,&quot;size&quot;:10,&quot;sizes&quot;:[]},&quot;gap_tablet&quot;:{&quot;unit&quot;:&quot;px&quot;,&quot;size&quot;:10,&quot;sizes&quot;:[]},&quot;gap_mobile&quot;:{&quot;unit&quot;:&quot;px&quot;,&quot;size&quot;:10,&quot;sizes&quot;:[]},&quot;link_to&quot;:&quot;file&quot;,&quot;aspect_ratio&quot;:&quot;3:2&quot;,&quot;overlay_background&quot;:&quot;yes&quot;,&quot;content_hover_animation&quot;:&quot;fade-in&quot;}\" data-widget_type=\"gallery.default\">\n\t\t\t\t<div class=\"elementor-widget-container\">\n\t\t\t\t\t\t\t<div class=\"elementor-gallery__container\">\n\t\t\t\t\t\t\t<a class=\"e-gallery-item elementor-gallery-item elementor-animated-content\" href=\"https:\/\/www.sj-cluny.org\/wp-content\/uploads\/2025\/11\/dsc05662-1-scaled.jpg\" data-elementor-open-lightbox=\"yes\" data-elementor-lightbox-slideshow=\"b2cf2e0\" data-elementor-lightbox-title=\"DSC05662 (1)\" data-e-action-hash=\"#elementor-action%3Aaction%3Dlightbox%26settings%3DeyJpZCI6NDUzMSwidXJsIjoiaHR0cHM6XC9cL3d3dy5zai1jbHVueS5vcmdcL3dwLWNvbnRlbnRcL3VwbG9hZHNcLzIwMjVcLzExXC9kc2MwNTY2Mi0xLXNjYWxlZC5qcGciLCJzbGlkZXNob3ciOiJiMmNmMmUwIn0%3D\">\n\t\t\t\t\t<div class=\"e-gallery-image elementor-gallery-item__image\" data-thumbnail=\"https:\/\/www.sj-cluny.org\/wp-content\/uploads\/2025\/11\/dsc05662-1-300x200.jpg\" data-width=\"300\" data-height=\"200\" aria-label=\"\" role=\"img\" ><\/div>\n\t\t\t\t\t\t\t\t\t\t\t<div class=\"elementor-gallery-item__overlay\"><\/div>\n\t\t\t\t\t\t\t\t\t\t\t\t\t\t<\/a>\n\t\t\t\t\t\t\t<a class=\"e-gallery-item elementor-gallery-item elementor-animated-content\" href=\"https:\/\/www.sj-cluny.org\/wp-content\/uploads\/2025\/11\/dsc05664-scaled.jpg\" data-elementor-open-lightbox=\"yes\" data-elementor-lightbox-slideshow=\"b2cf2e0\" data-elementor-lightbox-title=\"DSC05664\" data-e-action-hash=\"#elementor-action%3Aaction%3Dlightbox%26settings%3DeyJpZCI6NDUzMiwidXJsIjoiaHR0cHM6XC9cL3d3dy5zai1jbHVueS5vcmdcL3dwLWNvbnRlbnRcL3VwbG9hZHNcLzIwMjVcLzExXC9kc2MwNTY2NC1zY2FsZWQuanBnIiwic2xpZGVzaG93IjoiYjJjZjJlMCJ9\">\n\t\t\t\t\t<div class=\"e-gallery-image elementor-gallery-item__image\" data-thumbnail=\"https:\/\/www.sj-cluny.org\/wp-content\/uploads\/2025\/11\/dsc05664-300x200.jpg\" data-width=\"300\" data-height=\"200\" aria-label=\"\" role=\"img\" ><\/div>\n\t\t\t\t\t\t\t\t\t\t\t<div class=\"elementor-gallery-item__overlay\"><\/div>\n\t\t\t\t\t\t\t\t\t\t\t\t\t\t<\/a>\n\t\t\t\t\t\t\t<a class=\"e-gallery-item elementor-gallery-item elementor-animated-content\" href=\"https:\/\/www.sj-cluny.org\/wp-content\/uploads\/2025\/11\/dsc05666-scaled.jpg\" data-elementor-open-lightbox=\"yes\" data-elementor-lightbox-slideshow=\"b2cf2e0\" data-elementor-lightbox-title=\"DSC05666\" data-e-action-hash=\"#elementor-action%3Aaction%3Dlightbox%26settings%3DeyJpZCI6NDUzMywidXJsIjoiaHR0cHM6XC9cL3d3dy5zai1jbHVueS5vcmdcL3dwLWNvbnRlbnRcL3VwbG9hZHNcLzIwMjVcLzExXC9kc2MwNTY2Ni1zY2FsZWQuanBnIiwic2xpZGVzaG93IjoiYjJjZjJlMCJ9\">\n\t\t\t\t\t<div class=\"e-gallery-image elementor-gallery-item__image\" data-thumbnail=\"https:\/\/www.sj-cluny.org\/wp-content\/uploads\/2025\/11\/dsc05666-300x200.jpg\" data-width=\"300\" data-height=\"200\" aria-label=\"\" role=\"img\" ><\/div>\n\t\t\t\t\t\t\t\t\t\t\t<div class=\"elementor-gallery-item__overlay\"><\/div>\n\t\t\t\t\t\t\t\t\t\t\t\t\t\t<\/a>\n\t\t\t\t\t\t\t<a class=\"e-gallery-item elementor-gallery-item elementor-animated-content\" href=\"https:\/\/www.sj-cluny.org\/wp-content\/uploads\/2025\/11\/dsc05684-scaled.jpg\" data-elementor-open-lightbox=\"yes\" data-elementor-lightbox-slideshow=\"b2cf2e0\" data-elementor-lightbox-title=\"DSC05684\" data-e-action-hash=\"#elementor-action%3Aaction%3Dlightbox%26settings%3DeyJpZCI6NDUzNCwidXJsIjoiaHR0cHM6XC9cL3d3dy5zai1jbHVueS5vcmdcL3dwLWNvbnRlbnRcL3VwbG9hZHNcLzIwMjVcLzExXC9kc2MwNTY4NC1zY2FsZWQuanBnIiwic2xpZGVzaG93IjoiYjJjZjJlMCJ9\">\n\t\t\t\t\t<div class=\"e-gallery-image elementor-gallery-item__image\" data-thumbnail=\"https:\/\/www.sj-cluny.org\/wp-content\/uploads\/2025\/11\/dsc05684-300x200.jpg\" data-width=\"300\" data-height=\"200\" aria-label=\"\" role=\"img\" ><\/div>\n\t\t\t\t\t\t\t\t\t\t\t<div class=\"elementor-gallery-item__overlay\"><\/div>\n\t\t\t\t\t\t\t\t\t\t\t\t\t\t<\/a>\n\t\t\t\t\t\t\t<a class=\"e-gallery-item elementor-gallery-item elementor-animated-content\" href=\"https:\/\/www.sj-cluny.org\/wp-content\/uploads\/2025\/11\/dsc05681-scaled.jpg\" data-elementor-open-lightbox=\"yes\" data-elementor-lightbox-slideshow=\"b2cf2e0\" data-elementor-lightbox-title=\"DSC05681\" data-e-action-hash=\"#elementor-action%3Aaction%3Dlightbox%26settings%3DeyJpZCI6NDUyMywidXJsIjoiaHR0cHM6XC9cL3d3dy5zai1jbHVueS5vcmdcL3dwLWNvbnRlbnRcL3VwbG9hZHNcLzIwMjVcLzExXC9kc2MwNTY4MS1zY2FsZWQuanBnIiwic2xpZGVzaG93IjoiYjJjZjJlMCJ9\">\n\t\t\t\t\t<div class=\"e-gallery-image elementor-gallery-item__image\" data-thumbnail=\"https:\/\/www.sj-cluny.org\/wp-content\/uploads\/2025\/11\/dsc05681-300x200.jpg\" data-width=\"300\" data-height=\"200\" aria-label=\"\" role=\"img\" ><\/div>\n\t\t\t\t\t\t\t\t\t\t\t<div class=\"elementor-gallery-item__overlay\"><\/div>\n\t\t\t\t\t\t\t\t\t\t\t\t\t\t<\/a>\n\t\t\t\t\t\t\t<a class=\"e-gallery-item elementor-gallery-item elementor-animated-content\" href=\"https:\/\/www.sj-cluny.org\/wp-content\/uploads\/2025\/11\/dsc05690-1-scaled.jpg\" data-elementor-open-lightbox=\"yes\" data-elementor-lightbox-slideshow=\"b2cf2e0\" data-elementor-lightbox-title=\"DSC05690\" data-e-action-hash=\"#elementor-action%3Aaction%3Dlightbox%26settings%3DeyJpZCI6NDUzNiwidXJsIjoiaHR0cHM6XC9cL3d3dy5zai1jbHVueS5vcmdcL3dwLWNvbnRlbnRcL3VwbG9hZHNcLzIwMjVcLzExXC9kc2MwNTY5MC0xLXNjYWxlZC5qcGciLCJzbGlkZXNob3ciOiJiMmNmMmUwIn0%3D\">\n\t\t\t\t\t<div class=\"e-gallery-image elementor-gallery-item__image\" data-thumbnail=\"https:\/\/www.sj-cluny.org\/wp-content\/uploads\/2025\/11\/dsc05690-1-300x200.jpg\" data-width=\"300\" data-height=\"200\" aria-label=\"\" role=\"img\" ><\/div>\n\t\t\t\t\t\t\t\t\t\t\t<div class=\"elementor-gallery-item__overlay\"><\/div>\n\t\t\t\t\t\t\t\t\t\t\t\t\t\t<\/a>\n\t\t\t\t\t\t\t<a class=\"e-gallery-item elementor-gallery-item elementor-animated-content\" href=\"https:\/\/www.sj-cluny.org\/wp-content\/uploads\/2025\/11\/dsc05503-1-scaled.jpg\" data-elementor-open-lightbox=\"yes\" data-elementor-lightbox-slideshow=\"b2cf2e0\" data-elementor-lightbox-title=\"DSC05503\" data-e-action-hash=\"#elementor-action%3Aaction%3Dlightbox%26settings%3DeyJpZCI6NDUzNywidXJsIjoiaHR0cHM6XC9cL3d3dy5zai1jbHVueS5vcmdcL3dwLWNvbnRlbnRcL3VwbG9hZHNcLzIwMjVcLzExXC9kc2MwNTUwMy0xLXNjYWxlZC5qcGciLCJzbGlkZXNob3ciOiJiMmNmMmUwIn0%3D\">\n\t\t\t\t\t<div class=\"e-gallery-image elementor-gallery-item__image\" data-thumbnail=\"https:\/\/www.sj-cluny.org\/wp-content\/uploads\/2025\/11\/dsc05503-1-300x200.jpg\" data-width=\"300\" data-height=\"200\" aria-label=\"\" role=\"img\" ><\/div>\n\t\t\t\t\t\t\t\t\t\t\t<div class=\"elementor-gallery-item__overlay\"><\/div>\n\t\t\t\t\t\t\t\t\t\t\t\t\t\t<\/a>\n\t\t\t\t\t\t\t<a class=\"e-gallery-item elementor-gallery-item elementor-animated-content\" href=\"https:\/\/www.sj-cluny.org\/wp-content\/uploads\/2025\/11\/dsc05661-scaled.jpg\" data-elementor-open-lightbox=\"yes\" data-elementor-lightbox-slideshow=\"b2cf2e0\" data-elementor-lightbox-title=\"DSC05661\" data-e-action-hash=\"#elementor-action%3Aaction%3Dlightbox%26settings%3DeyJpZCI6NDUzOCwidXJsIjoiaHR0cHM6XC9cL3d3dy5zai1jbHVueS5vcmdcL3dwLWNvbnRlbnRcL3VwbG9hZHNcLzIwMjVcLzExXC9kc2MwNTY2MS1zY2FsZWQuanBnIiwic2xpZGVzaG93IjoiYjJjZjJlMCJ9\">\n\t\t\t\t\t<div class=\"e-gallery-image elementor-gallery-item__image\" data-thumbnail=\"https:\/\/www.sj-cluny.org\/wp-content\/uploads\/2025\/11\/dsc05661-300x200.jpg\" data-width=\"300\" data-height=\"200\" aria-label=\"\" role=\"img\" ><\/div>\n\t\t\t\t\t\t\t\t\t\t\t<div class=\"elementor-gallery-item__overlay\"><\/div>\n\t\t\t\t\t\t\t\t\t\t\t\t\t\t<\/a>\n\t\t\t\t\t<\/div>\n\t\t\t\t\t<\/div>\n\t\t\t\t<\/div>\n\t\t\t\t<div class=\"elementor-element elementor-element-56f7ac5 elementor-widget elementor-widget-text-editor\" data-id=\"56f7ac5\" data-element_type=\"widget\" data-e-type=\"widget\" data-widget_type=\"text-editor.default\">\n\t\t\t\t<div class=\"elementor-widget-container\">\n\t\t\t\t\t\t\t\t\t<p style=\"margin: 0cm;\"><span style=\"font-size: 13.0pt;\">Dirigi\u00e9ndose a la asamblea, la Hermana Eva Anju, Superiora Provincial, present\u00f3 el centenario como \u00abuna celebraci\u00f3n de la fidelidad de Dios y del coraje de nuestras pioneras\u00bb, reafirmando el compromiso de las hermanas de servir a la gente \u00abcon renovada dedicaci\u00f3n, para encender el mundo con amor y esperanza\u00bb. Tambi\u00e9n record\u00f3 la rica historia de la Congregaci\u00f3n. Fundadas el 12 de mayo de 1807 en Cluny (Francia) por la beata Ana Mar\u00eda Javouhey, las hermanas de San Jos\u00e9 de Cluny llegaron a Pondicherry (India) en 1827. Se trasladaron a Chandannagar en 1861, luego a Calcuta y finalmente a Kalimpong en 1926. Su misi\u00f3n inicial, llevada a cabo junto a los Padres de las Misiones Extranjeras de Par\u00eds (MEP) y luego los Can\u00f3nigos Regulares de Suiza, consist\u00eda en devolver la dignidad a cada persona mediante la educaci\u00f3n, el trabajo pastoral y la asistencia sanitaria en las aldeas m\u00e1s remotas.<\/span><\/p>\t\t\t\t\t\t\t\t<\/div>\n\t\t\t\t<\/div>\n\t\t\t\t<div class=\"elementor-element elementor-element-e992549 elementor-skin-carousel elementor-arrows-yes elementor-pagination-type-bullets elementor-pagination-position-outside elementor-widget elementor-widget-media-carousel\" data-id=\"e992549\" data-element_type=\"widget\" data-e-type=\"widget\" data-settings=\"{&quot;autoplay_speed&quot;:2000,&quot;skin&quot;:&quot;carousel&quot;,&quot;effect&quot;:&quot;slide&quot;,&quot;show_arrows&quot;:&quot;yes&quot;,&quot;pagination&quot;:&quot;bullets&quot;,&quot;speed&quot;:500,&quot;autoplay&quot;:&quot;yes&quot;,&quot;loop&quot;:&quot;yes&quot;,&quot;pause_on_hover&quot;:&quot;yes&quot;,&quot;pause_on_interaction&quot;:&quot;yes&quot;,&quot;space_between&quot;:{&quot;unit&quot;:&quot;px&quot;,&quot;size&quot;:10,&quot;sizes&quot;:[]},&quot;space_between_tablet&quot;:{&quot;unit&quot;:&quot;px&quot;,&quot;size&quot;:10,&quot;sizes&quot;:[]},&quot;space_between_mobile&quot;:{&quot;unit&quot;:&quot;px&quot;,&quot;size&quot;:10,&quot;sizes&quot;:[]}}\" data-widget_type=\"media-carousel.default\">\n\t\t\t\t<div class=\"elementor-widget-container\">\n\t\t\t\t\t\t\t\t\t<div class=\"elementor-swiper\">\n\t\t\t\t\t<div class=\"elementor-main-swiper swiper\" role=\"region\" aria-roledescription=\"carousel\" aria-label=\"Diapositivas\">\n\t\t\t\t<div class=\"swiper-wrapper\">\n\t\t\t\t\t\t\t\t\t\t\t<div class=\"swiper-slide\" role=\"group\" aria-roledescription=\"slide\">\n\t\t\t\t\t\t\t\t\t<div class=\"elementor-carousel-image\" role=\"img\" aria-label=\"DSC05426\" style=\"background-image: url(&#039;https:\/\/www.sj-cluny.org\/wp-content\/uploads\/2025\/11\/dsc05426-scaled-e1764277359202.jpg&#039;)\">\n\n\t\t\t\n\t\t\t\t\t<\/div>\n\t\t\t\t\t\t\t\t<\/div>\n\t\t\t\t\t\t\t\t\t\t\t<div class=\"swiper-slide\" role=\"group\" aria-roledescription=\"slide\">\n\t\t\t\t\t\t\t\t\t<div class=\"elementor-carousel-image\" role=\"img\" aria-label=\"DSC05428\" style=\"background-image: url(&#039;https:\/\/www.sj-cluny.org\/wp-content\/uploads\/2025\/11\/dsc05428-scaled.jpg&#039;)\">\n\n\t\t\t\n\t\t\t\t\t<\/div>\n\t\t\t\t\t\t\t\t<\/div>\n\t\t\t\t\t\t\t\t\t\t\t<div class=\"swiper-slide\" role=\"group\" aria-roledescription=\"slide\">\n\t\t\t\t\t\t\t\t\t<div class=\"elementor-carousel-image\" role=\"img\" aria-label=\"DSC05457\" style=\"background-image: url(&#039;https:\/\/www.sj-cluny.org\/wp-content\/uploads\/2025\/11\/dsc05457-scaled-e1764275247342.jpg&#039;)\">\n\n\t\t\t\n\t\t\t\t\t<\/div>\n\t\t\t\t\t\t\t\t<\/div>\n\t\t\t\t\t\t\t\t\t\t\t<div class=\"swiper-slide\" role=\"group\" aria-roledescription=\"slide\">\n\t\t\t\t\t\t\t\t\t<div class=\"elementor-carousel-image\" role=\"img\" aria-label=\"DSC05483\" style=\"background-image: url(&#039;https:\/\/www.sj-cluny.org\/wp-content\/uploads\/2025\/11\/dsc05483-scaled-e1765051947222.jpg&#039;)\">\n\n\t\t\t\n\t\t\t\t\t<\/div>\n\t\t\t\t\t\t\t\t<\/div>\n\t\t\t\t\t\t\t\t\t\t\t<div class=\"swiper-slide\" role=\"group\" aria-roledescription=\"slide\">\n\t\t\t\t\t\t\t\t\t<div class=\"elementor-carousel-image\" role=\"img\" aria-label=\"DSC05472\" style=\"background-image: url(&#039;https:\/\/www.sj-cluny.org\/wp-content\/uploads\/2025\/11\/dsc05472-scaled.jpg&#039;)\">\n\n\t\t\t\n\t\t\t\t\t<\/div>\n\t\t\t\t\t\t\t\t<\/div>\n\t\t\t\t\t\t\t\t\t<\/div>\n\t\t\t\t\t\t\t\t\t\t\t\t\t\t\t<div class=\"elementor-swiper-button elementor-swiper-button-prev\" role=\"button\" tabindex=\"0\" aria-label=\"Anterior\">\n\t\t\t\t\t\t\t<svg aria-hidden=\"true\" class=\"e-font-icon-svg e-eicon-chevron-left\" viewbox=\"0 0 1000 1000\" xmlns=\"http:\/\/www.w3.org\/2000\/svg\"><path d=\"M646 125C629 125 613 133 604 142L308 442C296 454 292 471 292 487 292 504 296 521 308 533L604 854C617 867 629 875 646 875 663 875 679 871 692 858 704 846 713 829 713 812 713 796 708 779 692 767L438 487 692 225C700 217 708 204 708 187 708 171 704 154 692 142 675 129 663 125 646 125Z\"><\/path><\/svg>\t\t\t\t\t\t<\/div>\n\t\t\t\t\t\t<div class=\"elementor-swiper-button elementor-swiper-button-next\" role=\"button\" tabindex=\"0\" aria-label=\"Siguiente\">\n\t\t\t\t\t\t\t<svg aria-hidden=\"true\" class=\"e-font-icon-svg e-eicon-chevron-right\" viewbox=\"0 0 1000 1000\" xmlns=\"http:\/\/www.w3.org\/2000\/svg\"><path d=\"M696 533C708 521 713 504 713 487 713 471 708 454 696 446L400 146C388 133 375 125 354 125 338 125 325 129 313 142 300 154 292 171 292 187 292 204 296 221 308 233L563 492 304 771C292 783 288 800 288 817 288 833 296 850 308 863 321 871 338 875 354 875 371 875 388 867 400 854L696 533Z\"><\/path><\/svg>\t\t\t\t\t\t<\/div>\n\t\t\t\t\t\t\t\t\t\t\t\t\t\t\t\t<div class=\"swiper-pagination\"><\/div>\n\t\t\t\t\t\t\t\t\t\t\t\t<\/div>\n\t\t\t\t<\/div>\n\t\t\t\t\t\t\t\t<\/div>\n\t\t\t\t<\/div>\n\t\t\t\t<div class=\"elementor-element elementor-element-24c2eb3 elementor-widget elementor-widget-text-editor\" data-id=\"24c2eb3\" data-element_type=\"widget\" data-e-type=\"widget\" data-widget_type=\"text-editor.default\">\n\t\t\t\t<div class=\"elementor-widget-container\">\n\t\t\t\t\t\t\t\t\t<p style=\"margin: 0cm; text-align: justify;\"><span style=\"font-size: 13.0pt;\">La Provincia de India del Nordeste\/Nepal abarca Kalimpong, Darjeeling, Siliguri, Jalpaiguri, Bagdogra, Sikkim, Assam, Arunachal Pradesh y el Vicariato Apost\u00f3lico de Nepal. 178 hermanas en 34 comunidades siguen viviendo el carisma de nuestra fundadora y participan activamente en la educaci\u00f3n, la atenci\u00f3n sanitaria, la acci\u00f3n social, la atenci\u00f3n pastoral, la capacitaci\u00f3n de mujeres y ni\u00f1os, la gesti\u00f3n medioambiental y el desarrollo sostenible. De este modo, contin\u00faan un legado de servicio transformador que ha marcado a generaciones.<\/span><\/p>\t\t\t\t\t\t\t\t<\/div>\n\t\t\t\t<\/div>\n\t\t\t\t\t<\/div>\n\t\t\t\t<\/div>\n\t\t<div class=\"elementor-element elementor-element-8947c70 e-grid e-con-boxed e-con e-parent\" data-id=\"8947c70\" data-element_type=\"container\" data-e-type=\"container\">\n\t\t\t\t\t<div class=\"e-con-inner\">\n\t\t\t\t<div class=\"elementor-element elementor-element-33aa2e9 elementor-widget elementor-widget-image\" data-id=\"33aa2e9\" data-element_type=\"widget\" data-e-type=\"widget\" data-widget_type=\"image.default\">\n\t\t\t\t<div class=\"elementor-widget-container\">\n\t\t\t\t\t\t\t\t\t\t\t\t\t\t\t<img decoding=\"async\" width=\"800\" height=\"575\" src=\"https:\/\/www.sj-cluny.org\/wp-content\/uploads\/2025\/11\/the-telegraph.jpeg\" class=\"attachment-large size-large wp-image-4539\" alt=\"\" srcset=\"https:\/\/www.sj-cluny.org\/wp-content\/uploads\/2025\/11\/the-telegraph.jpeg 932w, https:\/\/www.sj-cluny.org\/wp-content\/uploads\/2025\/11\/the-telegraph-300x216.jpeg 300w, https:\/\/www.sj-cluny.org\/wp-content\/uploads\/2025\/11\/the-telegraph-768x552.jpeg 768w, https:\/\/www.sj-cluny.org\/wp-content\/uploads\/2025\/11\/the-telegraph-18x12.jpeg 18w\" sizes=\"(max-width: 800px) 100vw, 800px\" \/>\t\t\t\t\t\t\t\t\t\t\t\t\t\t\t<\/div>\n\t\t\t\t<\/div>\n\t\t\t\t<div class=\"elementor-element elementor-element-535f816 elementor-widget elementor-widget-text-editor\" data-id=\"535f816\" data-element_type=\"widget\" data-e-type=\"widget\" data-widget_type=\"text-editor.default\">\n\t\t\t\t<div class=\"elementor-widget-container\">\n\t\t\t\t\t\t\t\t\t<p style=\"margin: 0cm;\"><span style=\"font-size: 13.0pt;\">La ceremonia concluy\u00f3 con un discurso de agradecimiento de la hermana Subeshna Thapa, asistenta provincial. Elogi\u00f3 el<\/span><\/p><p style=\"margin: 0cm;\"><span style=\"font-size: 13.0pt;\">apoyo de la Iglesia, los organismos gubernamentales y no gubernamentales,  los  benefactores y los simpatizantes. A medida que las celebraciones se van desarrollando  a lo largo del a\u00f1o, damos gracias por el servicio prestado por las hermanas, anteriores y actuales, y pedimos a Dios que siga bendiciendo a la provincia y su misi\u00f3n.<\/span><\/p>\t\t\t\t\t\t\t\t<\/div>\n\t\t\t\t<\/div>\n\t\t\t\t\t<\/div>\n\t\t\t\t<\/div>\n\t\t\t\t<\/div>","protected":false},"excerpt":{"rendered":"<p>15 novembre 2025 (1926-2026) Les S\u0153urs de Saint-Joseph de Cluny, de la Province de l&rsquo;Inde du Nord-Est\/ N\u00e9pal, ont proc\u00e9d\u00e9 \u00e0 la c\u00e9r\u00e9monie d&rsquo;ouverture des c\u00e9l\u00e9brations marquant leurs 100 ans [&hellip;]<\/p>\n","protected":false},"author":2,"featured_media":4507,"comment_status":"closed","ping_status":"closed","sticky":false,"template":"","format":"standard","meta":{"_acf_changed":false,"footnotes":""},"categories":[1],"tags":[],"class_list":["post-4497","post","type-post","status-publish","format-standard","has-post-thumbnail","hentry","category-actualite"],"acf":[],"yoast_head":"<!-- This site is optimized with the Yoast SEO plugin v27.4 - https:\/\/yoast.com\/product\/yoast-seo-wordpress\/ -->\n<title>Ouverture des c\u00e9l\u00e9brations du Centenaire des S\u0153urs de Saint Joseph de Cluny \u00e0 Kalimpong, en Inde. - S\u0153urs de Saint-Joseph de Cluny<\/title>\n<meta name=\"robots\" content=\"index, follow, max-snippet:-1, max-image-preview:large, max-video-preview:-1\" \/>\n<link rel=\"canonical\" href=\"https:\/\/www.sj-cluny.org\/es\/actualite\/les-soeurs-de-saint-joseph-de-cluny-ont-entame-les-celebrations-du-centenaire\/\" \/>\n<meta property=\"og:locale\" content=\"es_ES\" \/>\n<meta property=\"og:type\" content=\"article\" \/>\n<meta property=\"og:title\" content=\"Ouverture des c\u00e9l\u00e9brations du Centenaire des S\u0153urs de Saint Joseph de Cluny \u00e0 Kalimpong, en Inde. - S\u0153urs de Saint-Joseph de Cluny\" \/>\n<meta property=\"og:description\" content=\"15 novembre 2025 (1926-2026) Les S\u0153urs de Saint-Joseph de Cluny, de la Province de l&rsquo;Inde du Nord-Est\/ N\u00e9pal, ont proc\u00e9d\u00e9 \u00e0 la c\u00e9r\u00e9monie d&rsquo;ouverture des c\u00e9l\u00e9brations marquant leurs 100 ans [&hellip;]\" \/>\n<meta property=\"og:url\" content=\"https:\/\/www.sj-cluny.org\/es\/actualite\/les-soeurs-de-saint-joseph-de-cluny-ont-entame-les-celebrations-du-centenaire\/\" \/>\n<meta property=\"og:site_name\" content=\"S\u0153urs de Saint-Joseph de Cluny\" \/>\n<meta property=\"article:published_time\" content=\"2025-12-06T19:56:39+00:00\" \/>\n<meta property=\"article:modified_time\" content=\"2025-12-06T20:25:10+00:00\" \/>\n<meta property=\"og:image\" content=\"https:\/\/www.sj-cluny.org\/wp-content\/uploads\/2025\/11\/dsc05413-scaled-e1765052422933.jpg\" \/>\n\t<meta property=\"og:image:width\" content=\"400\" \/>\n\t<meta property=\"og:image:height\" content=\"267\" \/>\n\t<meta property=\"og:image:type\" content=\"image\/jpeg\" \/>\n<meta name=\"author\" content=\"soeur-francisca\" \/>\n<meta name=\"twitter:card\" content=\"summary_large_image\" \/>\n<meta name=\"twitter:label1\" content=\"Written by\" \/>\n\t<meta name=\"twitter:data1\" content=\"soeur-francisca\" \/>\n\t<meta name=\"twitter:label2\" content=\"Est. reading time\" \/>\n\t<meta name=\"twitter:data2\" content=\"4 minutes\" \/>\n<script type=\"application\/ld+json\" class=\"yoast-schema-graph\">{\"@context\":\"https:\\\/\\\/schema.org\",\"@graph\":[{\"@type\":\"Article\",\"@id\":\"https:\\\/\\\/www.sj-cluny.org\\\/actualite\\\/les-soeurs-de-saint-joseph-de-cluny-ont-entame-les-celebrations-du-centenaire\\\/#article\",\"isPartOf\":{\"@id\":\"https:\\\/\\\/www.sj-cluny.org\\\/actualite\\\/les-soeurs-de-saint-joseph-de-cluny-ont-entame-les-celebrations-du-centenaire\\\/\"},\"author\":{\"name\":\"soeur-francisca\",\"@id\":\"https:\\\/\\\/www.sj-cluny.org\\\/#\\\/schema\\\/person\\\/668a6c050484687158437cdd2bb77dd1\"},\"headline\":\"Ouverture des c\u00e9l\u00e9brations du Centenaire des S\u0153urs de Saint Joseph de Cluny \u00e0 Kalimpong, en Inde.\",\"datePublished\":\"2025-12-06T19:56:39+00:00\",\"dateModified\":\"2025-12-06T20:25:10+00:00\",\"mainEntityOfPage\":{\"@id\":\"https:\\\/\\\/www.sj-cluny.org\\\/actualite\\\/les-soeurs-de-saint-joseph-de-cluny-ont-entame-les-celebrations-du-centenaire\\\/\"},\"wordCount\":610,\"image\":{\"@id\":\"https:\\\/\\\/www.sj-cluny.org\\\/actualite\\\/les-soeurs-de-saint-joseph-de-cluny-ont-entame-les-celebrations-du-centenaire\\\/#primaryimage\"},\"thumbnailUrl\":\"https:\\\/\\\/www.sj-cluny.org\\\/wp-content\\\/uploads\\\/2025\\\/11\\\/dsc05413-scaled-e1765052422933.jpg\",\"articleSection\":[\"Actualit\u00e9\"],\"inLanguage\":\"es-ES\"},{\"@type\":\"WebPage\",\"@id\":\"https:\\\/\\\/www.sj-cluny.org\\\/actualite\\\/les-soeurs-de-saint-joseph-de-cluny-ont-entame-les-celebrations-du-centenaire\\\/\",\"url\":\"https:\\\/\\\/www.sj-cluny.org\\\/actualite\\\/les-soeurs-de-saint-joseph-de-cluny-ont-entame-les-celebrations-du-centenaire\\\/\",\"name\":\"Ouverture des c\u00e9l\u00e9brations du Centenaire des S\u0153urs de Saint Joseph de Cluny \u00e0 Kalimpong, en Inde. - S\u0153urs de Saint-Joseph de Cluny\",\"isPartOf\":{\"@id\":\"https:\\\/\\\/www.sj-cluny.org\\\/#website\"},\"primaryImageOfPage\":{\"@id\":\"https:\\\/\\\/www.sj-cluny.org\\\/actualite\\\/les-soeurs-de-saint-joseph-de-cluny-ont-entame-les-celebrations-du-centenaire\\\/#primaryimage\"},\"image\":{\"@id\":\"https:\\\/\\\/www.sj-cluny.org\\\/actualite\\\/les-soeurs-de-saint-joseph-de-cluny-ont-entame-les-celebrations-du-centenaire\\\/#primaryimage\"},\"thumbnailUrl\":\"https:\\\/\\\/www.sj-cluny.org\\\/wp-content\\\/uploads\\\/2025\\\/11\\\/dsc05413-scaled-e1765052422933.jpg\",\"datePublished\":\"2025-12-06T19:56:39+00:00\",\"dateModified\":\"2025-12-06T20:25:10+00:00\",\"author\":{\"@id\":\"https:\\\/\\\/www.sj-cluny.org\\\/#\\\/schema\\\/person\\\/668a6c050484687158437cdd2bb77dd1\"},\"breadcrumb\":{\"@id\":\"https:\\\/\\\/www.sj-cluny.org\\\/actualite\\\/les-soeurs-de-saint-joseph-de-cluny-ont-entame-les-celebrations-du-centenaire\\\/#breadcrumb\"},\"inLanguage\":\"es-ES\",\"potentialAction\":[{\"@type\":\"ReadAction\",\"target\":[\"https:\\\/\\\/www.sj-cluny.org\\\/actualite\\\/les-soeurs-de-saint-joseph-de-cluny-ont-entame-les-celebrations-du-centenaire\\\/\"]}]},{\"@type\":\"ImageObject\",\"inLanguage\":\"es-ES\",\"@id\":\"https:\\\/\\\/www.sj-cluny.org\\\/actualite\\\/les-soeurs-de-saint-joseph-de-cluny-ont-entame-les-celebrations-du-centenaire\\\/#primaryimage\",\"url\":\"https:\\\/\\\/www.sj-cluny.org\\\/wp-content\\\/uploads\\\/2025\\\/11\\\/dsc05413-scaled-e1765052422933.jpg\",\"contentUrl\":\"https:\\\/\\\/www.sj-cluny.org\\\/wp-content\\\/uploads\\\/2025\\\/11\\\/dsc05413-scaled-e1765052422933.jpg\",\"width\":400,\"height\":267},{\"@type\":\"BreadcrumbList\",\"@id\":\"https:\\\/\\\/www.sj-cluny.org\\\/actualite\\\/les-soeurs-de-saint-joseph-de-cluny-ont-entame-les-celebrations-du-centenaire\\\/#breadcrumb\",\"itemListElement\":[{\"@type\":\"ListItem\",\"position\":1,\"name\":\"Accueil\",\"item\":\"https:\\\/\\\/www.sj-cluny.org\\\/\"},{\"@type\":\"ListItem\",\"position\":2,\"name\":\"Ouverture des c\u00e9l\u00e9brations du Centenaire des S\u0153urs de Saint Joseph de Cluny \u00e0 Kalimpong, en Inde.\"}]},{\"@type\":\"WebSite\",\"@id\":\"https:\\\/\\\/www.sj-cluny.org\\\/#website\",\"url\":\"https:\\\/\\\/www.sj-cluny.org\\\/\",\"name\":\"S\u0153urs de Saint-Joseph de Cluny\",\"description\":\"\",\"potentialAction\":[{\"@type\":\"SearchAction\",\"target\":{\"@type\":\"EntryPoint\",\"urlTemplate\":\"https:\\\/\\\/www.sj-cluny.org\\\/?s={search_term_string}\"},\"query-input\":{\"@type\":\"PropertyValueSpecification\",\"valueRequired\":true,\"valueName\":\"search_term_string\"}}],\"inLanguage\":\"es-ES\"},{\"@type\":\"Person\",\"@id\":\"https:\\\/\\\/www.sj-cluny.org\\\/#\\\/schema\\\/person\\\/668a6c050484687158437cdd2bb77dd1\",\"name\":\"soeur-francisca\",\"image\":{\"@type\":\"ImageObject\",\"inLanguage\":\"es-ES\",\"@id\":\"https:\\\/\\\/secure.gravatar.com\\\/avatar\\\/d9128aa0158e0af474f8fc6d1de64d386e8feba3a5462f1896e84d62e92b9d25?s=96&d=mm&r=g\",\"url\":\"https:\\\/\\\/secure.gravatar.com\\\/avatar\\\/d9128aa0158e0af474f8fc6d1de64d386e8feba3a5462f1896e84d62e92b9d25?s=96&d=mm&r=g\",\"contentUrl\":\"https:\\\/\\\/secure.gravatar.com\\\/avatar\\\/d9128aa0158e0af474f8fc6d1de64d386e8feba3a5462f1896e84d62e92b9d25?s=96&d=mm&r=g\",\"caption\":\"soeur-francisca\"}}]}<\/script>\n<!-- \/ Yoast SEO plugin. -->","yoast_head_json":{"title":"Ouverture des c\u00e9l\u00e9brations du Centenaire des S\u0153urs de Saint Joseph de Cluny \u00e0 Kalimpong, en Inde. - S\u0153urs de Saint-Joseph de Cluny","robots":{"index":"index","follow":"follow","max-snippet":"max-snippet:-1","max-image-preview":"max-image-preview:large","max-video-preview":"max-video-preview:-1"},"canonical":"https:\/\/www.sj-cluny.org\/es\/actualite\/les-soeurs-de-saint-joseph-de-cluny-ont-entame-les-celebrations-du-centenaire\/","og_locale":"es_ES","og_type":"article","og_title":"Ouverture des c\u00e9l\u00e9brations du Centenaire des S\u0153urs de Saint Joseph de Cluny \u00e0 Kalimpong, en Inde. - S\u0153urs de Saint-Joseph de Cluny","og_description":"15 novembre 2025 (1926-2026) Les S\u0153urs de Saint-Joseph de Cluny, de la Province de l&rsquo;Inde du Nord-Est\/ N\u00e9pal, ont proc\u00e9d\u00e9 \u00e0 la c\u00e9r\u00e9monie d&rsquo;ouverture des c\u00e9l\u00e9brations marquant leurs 100 ans [&hellip;]","og_url":"https:\/\/www.sj-cluny.org\/es\/actualite\/les-soeurs-de-saint-joseph-de-cluny-ont-entame-les-celebrations-du-centenaire\/","og_site_name":"S\u0153urs de Saint-Joseph de Cluny","article_published_time":"2025-12-06T19:56:39+00:00","article_modified_time":"2025-12-06T20:25:10+00:00","og_image":[{"width":400,"height":267,"url":"https:\/\/www.sj-cluny.org\/wp-content\/uploads\/2025\/11\/dsc05413-scaled-e1765052422933.jpg","type":"image\/jpeg"}],"author":"soeur-francisca","twitter_card":"summary_large_image","twitter_misc":{"Written by":"soeur-francisca","Est. reading time":"4 minutes"},"schema":{"@context":"https:\/\/schema.org","@graph":[{"@type":"Article","@id":"https:\/\/www.sj-cluny.org\/actualite\/les-soeurs-de-saint-joseph-de-cluny-ont-entame-les-celebrations-du-centenaire\/#article","isPartOf":{"@id":"https:\/\/www.sj-cluny.org\/actualite\/les-soeurs-de-saint-joseph-de-cluny-ont-entame-les-celebrations-du-centenaire\/"},"author":{"name":"soeur-francisca","@id":"https:\/\/www.sj-cluny.org\/#\/schema\/person\/668a6c050484687158437cdd2bb77dd1"},"headline":"Ouverture des c\u00e9l\u00e9brations du Centenaire des S\u0153urs de Saint Joseph de Cluny \u00e0 Kalimpong, en Inde.","datePublished":"2025-12-06T19:56:39+00:00","dateModified":"2025-12-06T20:25:10+00:00","mainEntityOfPage":{"@id":"https:\/\/www.sj-cluny.org\/actualite\/les-soeurs-de-saint-joseph-de-cluny-ont-entame-les-celebrations-du-centenaire\/"},"wordCount":610,"image":{"@id":"https:\/\/www.sj-cluny.org\/actualite\/les-soeurs-de-saint-joseph-de-cluny-ont-entame-les-celebrations-du-centenaire\/#primaryimage"},"thumbnailUrl":"https:\/\/www.sj-cluny.org\/wp-content\/uploads\/2025\/11\/dsc05413-scaled-e1765052422933.jpg","articleSection":["Actualit\u00e9"],"inLanguage":"es-ES"},{"@type":"WebPage","@id":"https:\/\/www.sj-cluny.org\/actualite\/les-soeurs-de-saint-joseph-de-cluny-ont-entame-les-celebrations-du-centenaire\/","url":"https:\/\/www.sj-cluny.org\/actualite\/les-soeurs-de-saint-joseph-de-cluny-ont-entame-les-celebrations-du-centenaire\/","name":"Ouverture des c\u00e9l\u00e9brations du Centenaire des S\u0153urs de Saint Joseph de Cluny \u00e0 Kalimpong, en Inde. - S\u0153urs de Saint-Joseph de Cluny","isPartOf":{"@id":"https:\/\/www.sj-cluny.org\/#website"},"primaryImageOfPage":{"@id":"https:\/\/www.sj-cluny.org\/actualite\/les-soeurs-de-saint-joseph-de-cluny-ont-entame-les-celebrations-du-centenaire\/#primaryimage"},"image":{"@id":"https:\/\/www.sj-cluny.org\/actualite\/les-soeurs-de-saint-joseph-de-cluny-ont-entame-les-celebrations-du-centenaire\/#primaryimage"},"thumbnailUrl":"https:\/\/www.sj-cluny.org\/wp-content\/uploads\/2025\/11\/dsc05413-scaled-e1765052422933.jpg","datePublished":"2025-12-06T19:56:39+00:00","dateModified":"2025-12-06T20:25:10+00:00","author":{"@id":"https:\/\/www.sj-cluny.org\/#\/schema\/person\/668a6c050484687158437cdd2bb77dd1"},"breadcrumb":{"@id":"https:\/\/www.sj-cluny.org\/actualite\/les-soeurs-de-saint-joseph-de-cluny-ont-entame-les-celebrations-du-centenaire\/#breadcrumb"},"inLanguage":"es-ES","potentialAction":[{"@type":"ReadAction","target":["https:\/\/www.sj-cluny.org\/actualite\/les-soeurs-de-saint-joseph-de-cluny-ont-entame-les-celebrations-du-centenaire\/"]}]},{"@type":"ImageObject","inLanguage":"es-ES","@id":"https:\/\/www.sj-cluny.org\/actualite\/les-soeurs-de-saint-joseph-de-cluny-ont-entame-les-celebrations-du-centenaire\/#primaryimage","url":"https:\/\/www.sj-cluny.org\/wp-content\/uploads\/2025\/11\/dsc05413-scaled-e1765052422933.jpg","contentUrl":"https:\/\/www.sj-cluny.org\/wp-content\/uploads\/2025\/11\/dsc05413-scaled-e1765052422933.jpg","width":400,"height":267},{"@type":"BreadcrumbList","@id":"https:\/\/www.sj-cluny.org\/actualite\/les-soeurs-de-saint-joseph-de-cluny-ont-entame-les-celebrations-du-centenaire\/#breadcrumb","itemListElement":[{"@type":"ListItem","position":1,"name":"Accueil","item":"https:\/\/www.sj-cluny.org\/"},{"@type":"ListItem","position":2,"name":"Ouverture des c\u00e9l\u00e9brations du Centenaire des S\u0153urs de Saint Joseph de Cluny \u00e0 Kalimpong, en Inde."}]},{"@type":"WebSite","@id":"https:\/\/www.sj-cluny.org\/#website","url":"https:\/\/www.sj-cluny.org\/","name":"Hermanas de San Jos\u00e9 de Cluny","description":"","potentialAction":[{"@type":"SearchAction","target":{"@type":"EntryPoint","urlTemplate":"https:\/\/www.sj-cluny.org\/?s={search_term_string}"},"query-input":{"@type":"PropertyValueSpecification","valueRequired":true,"valueName":"search_term_string"}}],"inLanguage":"es-ES"},{"@type":"Person","@id":"https:\/\/www.sj-cluny.org\/#\/schema\/person\/668a6c050484687158437cdd2bb77dd1","name":"soeur-francisca","image":{"@type":"ImageObject","inLanguage":"es-ES","@id":"https:\/\/secure.gravatar.com\/avatar\/d9128aa0158e0af474f8fc6d1de64d386e8feba3a5462f1896e84d62e92b9d25?s=96&d=mm&r=g","url":"https:\/\/secure.gravatar.com\/avatar\/d9128aa0158e0af474f8fc6d1de64d386e8feba3a5462f1896e84d62e92b9d25?s=96&d=mm&r=g","contentUrl":"https:\/\/secure.gravatar.com\/avatar\/d9128aa0158e0af474f8fc6d1de64d386e8feba3a5462f1896e84d62e92b9d25?s=96&d=mm&r=g","caption":"soeur-francisca"}}]}},"_links":{"self":[{"href":"https:\/\/www.sj-cluny.org\/es\/wp-json\/wp\/v2\/posts\/4497","targetHints":{"allow":["GET"]}}],"collection":[{"href":"https:\/\/www.sj-cluny.org\/es\/wp-json\/wp\/v2\/posts"}],"about":[{"href":"https:\/\/www.sj-cluny.org\/es\/wp-json\/wp\/v2\/types\/post"}],"author":[{"embeddable":true,"href":"https:\/\/www.sj-cluny.org\/es\/wp-json\/wp\/v2\/users\/2"}],"replies":[{"embeddable":true,"href":"https:\/\/www.sj-cluny.org\/es\/wp-json\/wp\/v2\/comments?post=4497"}],"version-history":[{"count":10,"href":"https:\/\/www.sj-cluny.org\/es\/wp-json\/wp\/v2\/posts\/4497\/revisions"}],"predecessor-version":[{"id":4917,"href":"https:\/\/www.sj-cluny.org\/es\/wp-json\/wp\/v2\/posts\/4497\/revisions\/4917"}],"wp:featuredmedia":[{"embeddable":true,"href":"https:\/\/www.sj-cluny.org\/es\/wp-json\/wp\/v2\/media\/4507"}],"wp:attachment":[{"href":"https:\/\/www.sj-cluny.org\/es\/wp-json\/wp\/v2\/media?parent=4497"}],"wp:term":[{"taxonomy":"category","embeddable":true,"href":"https:\/\/www.sj-cluny.org\/es\/wp-json\/wp\/v2\/categories?post=4497"},{"taxonomy":"post_tag","embeddable":true,"href":"https:\/\/www.sj-cluny.org\/es\/wp-json\/wp\/v2\/tags?post=4497"}],"curies":[{"name":"wp","href":"https:\/\/api.w.org\/{rel}","templated":true}]}}