{"id":1942,"date":"2025-08-11T15:37:48","date_gmt":"2025-08-11T13:37:48","guid":{"rendered":"https:\/\/www.sj-cluny.org\/?p=1942"},"modified":"2025-09-01T10:16:32","modified_gmt":"2025-09-01T08:16:32","slug":"15-aout-fete-de-la-superieure-generale","status":"publish","type":"post","link":"https:\/\/www.sj-cluny.org\/es\/actualite\/15-aout-fete-de-la-superieure-generale\/","title":{"rendered":"15 de agosto: Fiesta de la Superiora General"},"content":{"rendered":"\t\t<div data-elementor-type=\"wp-post\" data-elementor-id=\"1942\" class=\"elementor elementor-1942\" data-elementor-post-type=\"post\">\n\t\t\t\t<div class=\"elementor-element elementor-element-0bc5167 e-flex e-con-boxed e-con e-parent\" data-id=\"0bc5167\" data-element_type=\"container\" data-e-type=\"container\">\n\t\t\t\t\t<div class=\"e-con-inner\">\n\t\t<div class=\"elementor-element elementor-element-a98845f e-con-full e-flex e-con e-child\" data-id=\"a98845f\" data-element_type=\"container\" data-e-type=\"container\">\n\t\t\t\t<div class=\"elementor-element elementor-element-9360fbd elementor-widget elementor-widget-text-editor\" data-id=\"9360fbd\" data-element_type=\"widget\" data-e-type=\"widget\" data-widget_type=\"text-editor.default\">\n\t\t\t\t<div class=\"elementor-widget-container\">\n\t\t\t\t\t\t\t\t\t<p><span style=\"font-size: 14.0pt;\">Nous, S\u0153urs de Saint-Joseph de Cluny, sommes r\u00e9unies avec un c\u0153ur reconnaissant pour honorer Marie, mais aussi, comme le veut la tradition, pour f\u00eater notre Sup\u00e9rieure g\u00e9n\u00e9rale, S\u0153ur Clare Stanley.\u00a0<\/span><\/p>\t\t\t\t\t\t\t\t<\/div>\n\t\t\t\t<\/div>\n\t\t\t\t<\/div>\n\t\t\t\t\t<\/div>\n\t\t\t\t<\/div>\n\t\t<div class=\"elementor-element elementor-element-b605021 e-flex e-con-boxed e-con e-parent\" data-id=\"b605021\" data-element_type=\"container\" data-e-type=\"container\">\n\t\t\t\t\t<div class=\"e-con-inner\">\n\t\t<div class=\"elementor-element elementor-element-8be12be e-con-full e-flex e-con e-child\" data-id=\"8be12be\" data-element_type=\"container\" data-e-type=\"container\">\n\t\t\t\t<div class=\"elementor-element elementor-element-58afcac elementor-widget elementor-widget-image\" data-id=\"58afcac\" data-element_type=\"widget\" data-e-type=\"widget\" data-widget_type=\"image.default\">\n\t\t\t\t<div class=\"elementor-widget-container\">\n\t\t\t\t\t\t\t\t\t\t\t\t\t\t\t<img fetchpriority=\"high\" decoding=\"async\" width=\"300\" height=\"300\" src=\"https:\/\/www.sj-cluny.org\/wp-content\/uploads\/2025\/08\/img-36351-300x300.jpg\" class=\"attachment-Hommage size-Hommage wp-image-2100\" alt=\"\" srcset=\"https:\/\/www.sj-cluny.org\/wp-content\/uploads\/2025\/08\/img-36351-300x300.jpg 300w, https:\/\/www.sj-cluny.org\/wp-content\/uploads\/2025\/08\/img-36351-150x150.jpg 150w, https:\/\/www.sj-cluny.org\/wp-content\/uploads\/2025\/08\/img-36351-70x70.jpg 70w\" sizes=\"(max-width: 300px) 100vw, 300px\" \/>\t\t\t\t\t\t\t\t\t\t\t\t\t\t\t<\/div>\n\t\t\t\t<\/div>\n\t\t\t\t<\/div>\n\t\t<div class=\"elementor-element elementor-element-5db3ab1 e-con-full e-flex e-con e-child\" data-id=\"5db3ab1\" data-element_type=\"container\" data-e-type=\"container\">\n\t\t\t\t<div class=\"elementor-element elementor-element-31abf2d elementor-widget elementor-widget-image\" data-id=\"31abf2d\" data-element_type=\"widget\" data-e-type=\"widget\" data-widget_type=\"image.default\">\n\t\t\t\t<div class=\"elementor-widget-container\">\n\t\t\t\t\t\t\t\t\t\t\t\t\t\t\t<img decoding=\"async\" width=\"300\" height=\"300\" src=\"https:\/\/www.sj-cluny.org\/wp-content\/uploads\/2025\/08\/img-36291-300x300.jpg\" class=\"attachment-Hommage size-Hommage wp-image-2099\" alt=\"\" srcset=\"https:\/\/www.sj-cluny.org\/wp-content\/uploads\/2025\/08\/img-36291-300x300.jpg 300w, https:\/\/www.sj-cluny.org\/wp-content\/uploads\/2025\/08\/img-36291-150x150.jpg 150w, https:\/\/www.sj-cluny.org\/wp-content\/uploads\/2025\/08\/img-36291-70x70.jpg 70w\" sizes=\"(max-width: 300px) 100vw, 300px\" \/>\t\t\t\t\t\t\t\t\t\t\t\t\t\t\t<\/div>\n\t\t\t\t<\/div>\n\t\t\t\t<\/div>\n\t\t\t\t\t<\/div>\n\t\t\t\t<\/div>\n\t\t<div class=\"elementor-element elementor-element-07cf8f8 e-con-full e-flex e-con e-parent\" data-id=\"07cf8f8\" data-element_type=\"container\" data-e-type=\"container\">\n\t\t\t\t<div class=\"elementor-element elementor-element-b31bbe2 elementor-widget elementor-widget-text-editor\" data-id=\"b31bbe2\" data-element_type=\"widget\" data-e-type=\"widget\" data-widget_type=\"text-editor.default\">\n\t\t\t\t<div class=\"elementor-widget-container\">\n\t\t\t\t\t\t\t\t\t<p><span style=\"font-size: 14.0pt;\">En ce jour solennel de l&rsquo;Assomption de la Sainte Vierge Marie, nous c\u00e9l\u00e9brons son entr\u00e9e, avec son corps et son \u00e2me, dans la pl\u00e9nitude de la pr\u00e9sence de Dieu. La vie de Marie a \u00e9t\u00e9 un chant de service, de confiance et d&rsquo;abandon. Son \u00ab oui \u00bb a ouvert la voie au Christ pour qu&rsquo;il vienne habiter parmi nous.<\/span><\/p>\t\t\t\t\t\t\t\t<\/div>\n\t\t\t\t<\/div>\n\t\t\t\t<\/div>\n\t\t<div class=\"elementor-element elementor-element-e939e40 e-con-full e-flex e-con e-parent\" data-id=\"e939e40\" data-element_type=\"container\" data-e-type=\"container\">\n\t\t<div class=\"elementor-element elementor-element-012c5dc e-con-full e-flex e-con e-child\" data-id=\"012c5dc\" data-element_type=\"container\" data-e-type=\"container\">\n\t\t\t\t<div class=\"elementor-element elementor-element-9bf736e elementor-widget elementor-widget-image\" data-id=\"9bf736e\" data-element_type=\"widget\" data-e-type=\"widget\" data-widget_type=\"image.default\">\n\t\t\t\t<div class=\"elementor-widget-container\">\n\t\t\t\t\t\t\t\t\t\t\t\t\t\t\t<img decoding=\"async\" width=\"300\" height=\"300\" src=\"https:\/\/www.sj-cluny.org\/wp-content\/uploads\/2025\/08\/img-38171-300x300.jpg\" class=\"attachment-Hommage size-Hommage wp-image-2106\" alt=\"\" srcset=\"https:\/\/www.sj-cluny.org\/wp-content\/uploads\/2025\/08\/img-38171-300x300.jpg 300w, https:\/\/www.sj-cluny.org\/wp-content\/uploads\/2025\/08\/img-38171-150x150.jpg 150w, https:\/\/www.sj-cluny.org\/wp-content\/uploads\/2025\/08\/img-38171-70x70.jpg 70w\" sizes=\"(max-width: 300px) 100vw, 300px\" \/>\t\t\t\t\t\t\t\t\t\t\t\t\t\t\t<\/div>\n\t\t\t\t<\/div>\n\t\t\t\t<\/div>\n\t\t<div class=\"elementor-element elementor-element-c796c6b e-con-full e-flex e-con e-child\" data-id=\"c796c6b\" data-element_type=\"container\" data-e-type=\"container\">\n\t\t\t\t<div class=\"elementor-element elementor-element-68a18a6 elementor-widget elementor-widget-text-editor\" data-id=\"68a18a6\" data-element_type=\"widget\" data-e-type=\"widget\" data-widget_type=\"text-editor.default\">\n\t\t\t\t<div class=\"elementor-widget-container\">\n\t\t\t\t\t\t\t\t\t<p><span style=\"font-size: 14.0pt;\">\u00c1 la suite de Marie, S\u0153ur Clare a dit \u00ab oui \u00bb \u00e0 Dieu au service de notre Congr\u00e9gation, guid\u00e9e par la foi, le courage et un amour profond pour la mission que nous a confi\u00e9e la bienheureuse Anne-Marie Javouhey.<\/span><\/p>\t\t\t\t\t\t\t\t<\/div>\n\t\t\t\t<\/div>\n\t\t\t\t<\/div>\n\t\t\t\t<\/div>\n\t\t<div class=\"elementor-element elementor-element-b14420d e-flex e-con-boxed e-con e-parent\" data-id=\"b14420d\" data-element_type=\"container\" data-e-type=\"container\">\n\t\t\t\t\t<div class=\"e-con-inner\">\n\t\t<div class=\"elementor-element elementor-element-1150b79 e-con-full e-flex e-con e-child\" data-id=\"1150b79\" data-element_type=\"container\" data-e-type=\"container\">\n\t\t\t\t<div class=\"elementor-element elementor-element-11b557d elementor-widget elementor-widget-text-editor\" data-id=\"11b557d\" data-element_type=\"widget\" data-e-type=\"widget\" data-widget_type=\"text-editor.default\">\n\t\t\t\t<div class=\"elementor-widget-container\">\n\t\t\t\t\t\t\t\t\t<p><span style=\"font-size: 14.0pt;\">Nous remercions le Seigneur pour les orientations solides de S\u0153ur Clare, pour son c\u0153ur \u00e0 l&rsquo;\u00e9coute et pour son engagement sans faille en faveur de l&rsquo;unit\u00e9 et de la vitalit\u00e9 de notre famille religieuse dans le monde. En cette f\u00eate, nous la confions \u00e0 la protection maternelle de Marie, en lui demandant de la combler de sagesse, de joie et d&rsquo;une force renouvel\u00e9e.<\/span><\/p><p><span style=\"font-size: 14.0pt;\">Puissions-nous, inspir\u00e9es par l&rsquo;exemple de Marie et par le t\u00e9moignage de S\u0153ur Clare, continuer \u00e0 marcher ensemble dans l&rsquo;esp\u00e9rance, en cherchant toujours \u00e0 apporter amour et esp\u00e9rance \u00e0 notre monde qui en a soif !<\/span><\/p>\t\t\t\t\t\t\t\t<\/div>\n\t\t\t\t<\/div>\n\t\t\t\t<\/div>\n\t\t<div class=\"elementor-element elementor-element-910f8c6 e-con-full e-flex e-con e-child\" data-id=\"910f8c6\" data-element_type=\"container\" data-e-type=\"container\">\n\t\t<div class=\"elementor-element elementor-element-625e9dc e-con-full e-flex e-con e-child\" data-id=\"625e9dc\" data-element_type=\"container\" data-e-type=\"container\">\n\t\t\t\t<div class=\"elementor-element elementor-element-576f86d elementor-widget elementor-widget-image\" data-id=\"576f86d\" data-element_type=\"widget\" data-e-type=\"widget\" data-widget_type=\"image.default\">\n\t\t\t\t<div class=\"elementor-widget-container\">\n\t\t\t\t\t\t\t\t\t\t\t\t\t\t\t<img loading=\"lazy\" decoding=\"async\" width=\"298\" height=\"236\" src=\"https:\/\/www.sj-cluny.org\/wp-content\/uploads\/2025\/08\/img-36091-298x236.jpg\" class=\"attachment-Actualit\u00e9 size-Actualit\u00e9 wp-image-2109\" alt=\"\" \/>\t\t\t\t\t\t\t\t\t\t\t\t\t\t\t<\/div>\n\t\t\t\t<\/div>\n\t\t\t\t<\/div>\n\t\t<div class=\"elementor-element elementor-element-6c36d33 e-con-full e-flex e-con e-child\" data-id=\"6c36d33\" data-element_type=\"container\" data-e-type=\"container\">\n\t\t\t\t<div class=\"elementor-element elementor-element-7d8cd6e elementor-widget elementor-widget-image\" data-id=\"7d8cd6e\" data-element_type=\"widget\" data-e-type=\"widget\" data-widget_type=\"image.default\">\n\t\t\t\t<div class=\"elementor-widget-container\">\n\t\t\t\t\t\t\t\t\t\t\t\t\t\t\t<img loading=\"lazy\" decoding=\"async\" width=\"298\" height=\"236\" src=\"https:\/\/www.sj-cluny.org\/wp-content\/uploads\/2025\/08\/img-36231-298x236.jpg\" class=\"attachment-Actualit\u00e9 size-Actualit\u00e9 wp-image-2110\" alt=\"\" \/>\t\t\t\t\t\t\t\t\t\t\t\t\t\t\t<\/div>\n\t\t\t\t<\/div>\n\t\t\t\t<\/div>\n\t\t\t\t<\/div>\n\t\t\t\t\t<\/div>\n\t\t\t\t<\/div>\n\t\t<div class=\"elementor-element elementor-element-ab7dae8 e-flex e-con-boxed e-con e-parent\" data-id=\"ab7dae8\" data-element_type=\"container\" data-e-type=\"container\">\n\t\t\t\t\t<div class=\"e-con-inner\">\n\t\t\t\t<div class=\"elementor-element elementor-element-08b23e4 elementor--h-position-center elementor--v-position-middle elementor-arrows-position-inside elementor-pagination-position-inside elementor-widget elementor-widget-slides\" data-id=\"08b23e4\" data-element_type=\"widget\" data-e-type=\"widget\" data-settings=\"{&quot;transition&quot;:&quot;fade&quot;,&quot;autoplay_speed&quot;:2500,&quot;transition_speed&quot;:80,&quot;navigation&quot;:&quot;both&quot;,&quot;autoplay&quot;:&quot;yes&quot;,&quot;pause_on_hover&quot;:&quot;yes&quot;,&quot;pause_on_interaction&quot;:&quot;yes&quot;,&quot;infinite&quot;:&quot;yes&quot;}\" data-widget_type=\"slides.default\">\n\t\t\t\t<div class=\"elementor-widget-container\">\n\t\t\t\t\t\t\t\t\t<div class=\"elementor-swiper\">\n\t\t\t\t\t<div class=\"elementor-slides-wrapper elementor-main-swiper swiper\" role=\"region\" aria-roledescription=\"carousel\" aria-label=\"Slides\" dir=\"ltr\" data-animation=\"\">\n\t\t\t\t<div class=\"swiper-wrapper elementor-slides\">\n\t\t\t\t\t\t\t\t\t\t<div class=\"elementor-repeater-item-4177dad swiper-slide\" role=\"group\" aria-roledescription=\"slide\"><div class=\"swiper-slide-bg\" role=\"img\" aria-label=\"IMG_3823[1]\"><\/div><div class=\"swiper-slide-inner\" ><div class=\"swiper-slide-contents\"><\/div><\/div><\/div><div class=\"elementor-repeater-item-bc9f68a swiper-slide\" role=\"group\" aria-roledescription=\"slide\"><div class=\"swiper-slide-bg\" role=\"img\" aria-label=\"IMG_3751[1]\"><\/div><div class=\"swiper-slide-inner\" ><div class=\"swiper-slide-contents\"><\/div><\/div><\/div><div class=\"elementor-repeater-item-14a9efd swiper-slide\" role=\"group\" aria-roledescription=\"slide\"><div class=\"swiper-slide-bg\" role=\"img\" aria-label=\"IMG_3801[2]\"><\/div><div class=\"swiper-slide-inner\" ><div class=\"swiper-slide-contents\"><\/div><\/div><\/div><div class=\"elementor-repeater-item-0f199e6 swiper-slide\" role=\"group\" aria-roledescription=\"slide\"><div class=\"swiper-slide-bg\" role=\"img\" aria-label=\"IMG_3815[1]\"><\/div><div class=\"swiper-slide-inner\" ><div class=\"swiper-slide-contents\"><\/div><\/div><\/div><div class=\"elementor-repeater-item-3a1f1cb swiper-slide\" role=\"group\" aria-roledescription=\"slide\"><div class=\"swiper-slide-bg\" role=\"img\" aria-label=\"IMG_3627[1]\"><\/div><div class=\"swiper-slide-inner\" ><div class=\"swiper-slide-contents\"><\/div><\/div><\/div><div class=\"elementor-repeater-item-7813b6e swiper-slide\" role=\"group\" aria-roledescription=\"slide\"><div class=\"swiper-slide-bg\" role=\"img\" aria-label=\"IMG_3642[1]\"><\/div><div class=\"swiper-slide-inner\" ><div class=\"swiper-slide-contents\"><\/div><\/div><\/div><div class=\"elementor-repeater-item-aaaf699 swiper-slide\" role=\"group\" aria-roledescription=\"slide\"><div class=\"swiper-slide-bg\" role=\"img\" aria-label=\"IMG_3685[1]\"><\/div><div class=\"swiper-slide-inner\" ><div class=\"swiper-slide-contents\"><\/div><\/div><\/div><div class=\"elementor-repeater-item-ede78df swiper-slide\" role=\"group\" aria-roledescription=\"slide\"><div class=\"swiper-slide-bg\" role=\"img\" aria-label=\"IMG_3656[1]\"><\/div><div class=\"swiper-slide-inner\" ><div class=\"swiper-slide-contents\"><\/div><\/div><\/div><div class=\"elementor-repeater-item-1cd29f3 swiper-slide\" role=\"group\" aria-roledescription=\"slide\"><div class=\"swiper-slide-bg\" role=\"img\" aria-label=\"IMG_3632[1]\"><\/div><div class=\"swiper-slide-inner\" ><div class=\"swiper-slide-contents\"><\/div><\/div><\/div><div class=\"elementor-repeater-item-23d6cbb swiper-slide\" role=\"group\" aria-roledescription=\"slide\"><div class=\"swiper-slide-bg\" role=\"img\" aria-label=\"IMG_3753[1]\"><\/div><div class=\"swiper-slide-inner\" ><div class=\"swiper-slide-contents\"><\/div><\/div><\/div><div class=\"elementor-repeater-item-142122d swiper-slide\" role=\"group\" aria-roledescription=\"slide\"><div class=\"swiper-slide-bg\" role=\"img\" aria-label=\"IMG_3826[1]\"><\/div><div class=\"swiper-slide-inner\" ><div class=\"swiper-slide-contents\"><\/div><\/div><\/div><div class=\"elementor-repeater-item-c9d5645 swiper-slide\" role=\"group\" aria-roledescription=\"slide\"><div class=\"swiper-slide-bg\" role=\"img\" aria-label=\"IMG_3765[1]\"><\/div><div class=\"swiper-slide-inner\" ><div class=\"swiper-slide-contents\"><\/div><\/div><\/div><div class=\"elementor-repeater-item-afa1859 swiper-slide\" role=\"group\" aria-roledescription=\"slide\"><div class=\"swiper-slide-bg\" role=\"img\" aria-label=\"IMG_3807[1]\"><\/div><div class=\"swiper-slide-inner\" ><div class=\"swiper-slide-contents\"><\/div><\/div><\/div><div class=\"elementor-repeater-item-7000983 swiper-slide\" role=\"group\" aria-roledescription=\"slide\"><div class=\"swiper-slide-bg\" role=\"img\" aria-label=\"IMG_3795[2]\"><\/div><div class=\"swiper-slide-inner\" ><div class=\"swiper-slide-contents\"><\/div><\/div><\/div>\t\t\t\t<\/div>\n\t\t\t\t\t\t\t\t\t\t\t\t\t\t\t<div class=\"elementor-swiper-button elementor-swiper-button-prev\" role=\"button\" tabindex=\"0\" aria-label=\"Diapositive pr\u00e9c\u00e9dente\">\n\t\t\t\t\t\t\t<svg aria-hidden=\"true\" class=\"e-font-icon-svg e-eicon-chevron-left\" viewBox=\"0 0 1000 1000\" xmlns=\"http:\/\/www.w3.org\/2000\/svg\"><path d=\"M646 125C629 125 613 133 604 142L308 442C296 454 292 471 292 487 292 504 296 521 308 533L604 854C617 867 629 875 646 875 663 875 679 871 692 858 704 846 713 829 713 812 713 796 708 779 692 767L438 487 692 225C700 217 708 204 708 187 708 171 704 154 692 142 675 129 663 125 646 125Z\"><\/path><\/svg>\t\t\t\t\t\t<\/div>\n\t\t\t\t\t\t<div class=\"elementor-swiper-button elementor-swiper-button-next\" role=\"button\" tabindex=\"0\" aria-label=\"Diapositive suivante\">\n\t\t\t\t\t\t\t<svg aria-hidden=\"true\" class=\"e-font-icon-svg e-eicon-chevron-right\" viewBox=\"0 0 1000 1000\" xmlns=\"http:\/\/www.w3.org\/2000\/svg\"><path d=\"M696 533C708 521 713 504 713 487 713 471 708 454 696 446L400 146C388 133 375 125 354 125 338 125 325 129 313 142 300 154 292 171 292 187 292 204 296 221 308 233L563 492 304 771C292 783 288 800 288 817 288 833 296 850 308 863 321 871 338 875 354 875 371 875 388 867 400 854L696 533Z\"><\/path><\/svg>\t\t\t\t\t\t<\/div>\n\t\t\t\t\t\t\t\t\t\t\t\t\t\t\t\t<div class=\"swiper-pagination\"><\/div>\n\t\t\t\t\t\t\t\t\t\t\t\t<\/div>\n\t\t\t\t<\/div>\n\t\t\t\t\t\t\t\t<\/div>\n\t\t\t\t<\/div>\n\t\t\t\t\t<\/div>\n\t\t\t\t<\/div>\n\t\t\t\t<\/div>\n\t\t","protected":false},"excerpt":{"rendered":"<p>Nous, S\u0153urs de Saint-Joseph de Cluny, sommes r\u00e9unies avec un c\u0153ur reconnaissant pour honorer Marie, mais aussi, comme le veut la tradition, pour f\u00eater notre Sup\u00e9rieure g\u00e9n\u00e9rale, S\u0153ur Clare Stanley.\u00a0 [&hellip;]<\/p>\n","protected":false},"author":3,"featured_media":3185,"comment_status":"closed","ping_status":"closed","sticky":false,"template":"","format":"standard","meta":{"_acf_changed":false,"footnotes":""},"categories":[1],"tags":[],"class_list":["post-1942","post","type-post","status-publish","format-standard","has-post-thumbnail","hentry","category-actualite"],"acf":[],"yoast_head":"<!-- This site is optimized with the Yoast SEO plugin v27.4 - https:\/\/yoast.com\/product\/yoast-seo-wordpress\/ -->\n<title>15 ao\u00fbt: F\u00eate de la Sup\u00e9rieure G\u00e9n\u00e9rale - S\u0153urs de Saint-Joseph de Cluny<\/title>\n<meta name=\"robots\" content=\"index, follow, max-snippet:-1, max-image-preview:large, max-video-preview:-1\" \/>\n<link rel=\"canonical\" href=\"https:\/\/www.sj-cluny.org\/es\/actualite\/15-aout-fete-de-la-superieure-generale\/\" \/>\n<meta property=\"og:locale\" content=\"es_ES\" \/>\n<meta property=\"og:type\" content=\"article\" \/>\n<meta property=\"og:title\" content=\"15 ao\u00fbt: F\u00eate de la Sup\u00e9rieure G\u00e9n\u00e9rale - S\u0153urs de Saint-Joseph de Cluny\" \/>\n<meta property=\"og:description\" content=\"Nous, S\u0153urs de Saint-Joseph de Cluny, sommes r\u00e9unies avec un c\u0153ur reconnaissant pour honorer Marie, mais aussi, comme le veut la tradition, pour f\u00eater notre Sup\u00e9rieure g\u00e9n\u00e9rale, S\u0153ur Clare Stanley.\u00a0 [&hellip;]\" \/>\n<meta property=\"og:url\" content=\"https:\/\/www.sj-cluny.org\/es\/actualite\/15-aout-fete-de-la-superieure-generale\/\" \/>\n<meta property=\"og:site_name\" content=\"S\u0153urs de Saint-Joseph de Cluny\" \/>\n<meta property=\"article:published_time\" content=\"2025-08-11T13:37:48+00:00\" \/>\n<meta property=\"article:modified_time\" content=\"2025-09-01T08:16:32+00:00\" \/>\n<meta property=\"og:image\" content=\"https:\/\/www.sj-cluny.org\/wp-content\/uploads\/2025\/08\/sr-clare-2-e1756714622274.jpg\" \/>\n\t<meta property=\"og:image:width\" content=\"300\" \/>\n\t<meta property=\"og:image:height\" content=\"253\" \/>\n\t<meta property=\"og:image:type\" content=\"image\/jpeg\" \/>\n<meta name=\"author\" content=\"soeur-joan\" \/>\n<meta name=\"twitter:card\" content=\"summary_large_image\" \/>\n<meta name=\"twitter:label1\" content=\"Written by\" \/>\n\t<meta name=\"twitter:data1\" content=\"soeur-joan\" \/>\n\t<meta name=\"twitter:label2\" content=\"Est. reading time\" \/>\n\t<meta name=\"twitter:data2\" content=\"1 minute\" \/>\n<script type=\"application\/ld+json\" class=\"yoast-schema-graph\">{\"@context\":\"https:\\\/\\\/schema.org\",\"@graph\":[{\"@type\":\"Article\",\"@id\":\"https:\\\/\\\/www.sj-cluny.org\\\/actualite\\\/15-aout-fete-de-la-superieure-generale\\\/#article\",\"isPartOf\":{\"@id\":\"https:\\\/\\\/www.sj-cluny.org\\\/actualite\\\/15-aout-fete-de-la-superieure-generale\\\/\"},\"author\":{\"name\":\"soeur-joan\",\"@id\":\"https:\\\/\\\/www.sj-cluny.org\\\/#\\\/schema\\\/person\\\/7b86f8ad44181ad10553bff9d017ebb2\"},\"headline\":\"15 ao\u00fbt: F\u00eate de la Sup\u00e9rieure G\u00e9n\u00e9rale\",\"datePublished\":\"2025-08-11T13:37:48+00:00\",\"dateModified\":\"2025-09-01T08:16:32+00:00\",\"mainEntityOfPage\":{\"@id\":\"https:\\\/\\\/www.sj-cluny.org\\\/actualite\\\/15-aout-fete-de-la-superieure-generale\\\/\"},\"wordCount\":260,\"image\":{\"@id\":\"https:\\\/\\\/www.sj-cluny.org\\\/actualite\\\/15-aout-fete-de-la-superieure-generale\\\/#primaryimage\"},\"thumbnailUrl\":\"https:\\\/\\\/www.sj-cluny.org\\\/wp-content\\\/uploads\\\/2025\\\/08\\\/sr-clare-2-e1756714622274.jpg\",\"articleSection\":[\"Actualit\u00e9\"],\"inLanguage\":\"es-ES\"},{\"@type\":\"WebPage\",\"@id\":\"https:\\\/\\\/www.sj-cluny.org\\\/actualite\\\/15-aout-fete-de-la-superieure-generale\\\/\",\"url\":\"https:\\\/\\\/www.sj-cluny.org\\\/actualite\\\/15-aout-fete-de-la-superieure-generale\\\/\",\"name\":\"15 ao\u00fbt: F\u00eate de la Sup\u00e9rieure G\u00e9n\u00e9rale - S\u0153urs de Saint-Joseph de Cluny\",\"isPartOf\":{\"@id\":\"https:\\\/\\\/www.sj-cluny.org\\\/#website\"},\"primaryImageOfPage\":{\"@id\":\"https:\\\/\\\/www.sj-cluny.org\\\/actualite\\\/15-aout-fete-de-la-superieure-generale\\\/#primaryimage\"},\"image\":{\"@id\":\"https:\\\/\\\/www.sj-cluny.org\\\/actualite\\\/15-aout-fete-de-la-superieure-generale\\\/#primaryimage\"},\"thumbnailUrl\":\"https:\\\/\\\/www.sj-cluny.org\\\/wp-content\\\/uploads\\\/2025\\\/08\\\/sr-clare-2-e1756714622274.jpg\",\"datePublished\":\"2025-08-11T13:37:48+00:00\",\"dateModified\":\"2025-09-01T08:16:32+00:00\",\"author\":{\"@id\":\"https:\\\/\\\/www.sj-cluny.org\\\/#\\\/schema\\\/person\\\/7b86f8ad44181ad10553bff9d017ebb2\"},\"breadcrumb\":{\"@id\":\"https:\\\/\\\/www.sj-cluny.org\\\/actualite\\\/15-aout-fete-de-la-superieure-generale\\\/#breadcrumb\"},\"inLanguage\":\"es-ES\",\"potentialAction\":[{\"@type\":\"ReadAction\",\"target\":[\"https:\\\/\\\/www.sj-cluny.org\\\/actualite\\\/15-aout-fete-de-la-superieure-generale\\\/\"]}]},{\"@type\":\"ImageObject\",\"inLanguage\":\"es-ES\",\"@id\":\"https:\\\/\\\/www.sj-cluny.org\\\/actualite\\\/15-aout-fete-de-la-superieure-generale\\\/#primaryimage\",\"url\":\"https:\\\/\\\/www.sj-cluny.org\\\/wp-content\\\/uploads\\\/2025\\\/08\\\/sr-clare-2-e1756714622274.jpg\",\"contentUrl\":\"https:\\\/\\\/www.sj-cluny.org\\\/wp-content\\\/uploads\\\/2025\\\/08\\\/sr-clare-2-e1756714622274.jpg\",\"width\":300,\"height\":253},{\"@type\":\"BreadcrumbList\",\"@id\":\"https:\\\/\\\/www.sj-cluny.org\\\/actualite\\\/15-aout-fete-de-la-superieure-generale\\\/#breadcrumb\",\"itemListElement\":[{\"@type\":\"ListItem\",\"position\":1,\"name\":\"Accueil\",\"item\":\"https:\\\/\\\/www.sj-cluny.org\\\/\"},{\"@type\":\"ListItem\",\"position\":2,\"name\":\"15 ao\u00fbt: F\u00eate de la Sup\u00e9rieure G\u00e9n\u00e9rale\"}]},{\"@type\":\"WebSite\",\"@id\":\"https:\\\/\\\/www.sj-cluny.org\\\/#website\",\"url\":\"https:\\\/\\\/www.sj-cluny.org\\\/\",\"name\":\"S\u0153urs de Saint-Joseph de Cluny\",\"description\":\"\",\"potentialAction\":[{\"@type\":\"SearchAction\",\"target\":{\"@type\":\"EntryPoint\",\"urlTemplate\":\"https:\\\/\\\/www.sj-cluny.org\\\/?s={search_term_string}\"},\"query-input\":{\"@type\":\"PropertyValueSpecification\",\"valueRequired\":true,\"valueName\":\"search_term_string\"}}],\"inLanguage\":\"es-ES\"},{\"@type\":\"Person\",\"@id\":\"https:\\\/\\\/www.sj-cluny.org\\\/#\\\/schema\\\/person\\\/7b86f8ad44181ad10553bff9d017ebb2\",\"name\":\"soeur-joan\",\"image\":{\"@type\":\"ImageObject\",\"inLanguage\":\"es-ES\",\"@id\":\"https:\\\/\\\/secure.gravatar.com\\\/avatar\\\/c2113a0d90202927ebf833be994fe3cd69e33634e34c2473a49142e4d611f1ff?s=96&d=mm&r=g\",\"url\":\"https:\\\/\\\/secure.gravatar.com\\\/avatar\\\/c2113a0d90202927ebf833be994fe3cd69e33634e34c2473a49142e4d611f1ff?s=96&d=mm&r=g\",\"contentUrl\":\"https:\\\/\\\/secure.gravatar.com\\\/avatar\\\/c2113a0d90202927ebf833be994fe3cd69e33634e34c2473a49142e4d611f1ff?s=96&d=mm&r=g\",\"caption\":\"soeur-joan\"}}]}<\/script>\n<!-- \/ Yoast SEO plugin. -->","yoast_head_json":{"title":"15 ao\u00fbt: F\u00eate de la Sup\u00e9rieure G\u00e9n\u00e9rale - S\u0153urs de Saint-Joseph de Cluny","robots":{"index":"index","follow":"follow","max-snippet":"max-snippet:-1","max-image-preview":"max-image-preview:large","max-video-preview":"max-video-preview:-1"},"canonical":"https:\/\/www.sj-cluny.org\/es\/actualite\/15-aout-fete-de-la-superieure-generale\/","og_locale":"es_ES","og_type":"article","og_title":"15 ao\u00fbt: F\u00eate de la Sup\u00e9rieure G\u00e9n\u00e9rale - S\u0153urs de Saint-Joseph de Cluny","og_description":"Nous, S\u0153urs de Saint-Joseph de Cluny, sommes r\u00e9unies avec un c\u0153ur reconnaissant pour honorer Marie, mais aussi, comme le veut la tradition, pour f\u00eater notre Sup\u00e9rieure g\u00e9n\u00e9rale, S\u0153ur Clare Stanley.\u00a0 [&hellip;]","og_url":"https:\/\/www.sj-cluny.org\/es\/actualite\/15-aout-fete-de-la-superieure-generale\/","og_site_name":"S\u0153urs de Saint-Joseph de Cluny","article_published_time":"2025-08-11T13:37:48+00:00","article_modified_time":"2025-09-01T08:16:32+00:00","og_image":[{"width":300,"height":253,"url":"https:\/\/www.sj-cluny.org\/wp-content\/uploads\/2025\/08\/sr-clare-2-e1756714622274.jpg","type":"image\/jpeg"}],"author":"soeur-joan","twitter_card":"summary_large_image","twitter_misc":{"Written by":"soeur-joan","Est. reading time":"1 minute"},"schema":{"@context":"https:\/\/schema.org","@graph":[{"@type":"Article","@id":"https:\/\/www.sj-cluny.org\/actualite\/15-aout-fete-de-la-superieure-generale\/#article","isPartOf":{"@id":"https:\/\/www.sj-cluny.org\/actualite\/15-aout-fete-de-la-superieure-generale\/"},"author":{"name":"soeur-joan","@id":"https:\/\/www.sj-cluny.org\/#\/schema\/person\/7b86f8ad44181ad10553bff9d017ebb2"},"headline":"15 ao\u00fbt: F\u00eate de la Sup\u00e9rieure G\u00e9n\u00e9rale","datePublished":"2025-08-11T13:37:48+00:00","dateModified":"2025-09-01T08:16:32+00:00","mainEntityOfPage":{"@id":"https:\/\/www.sj-cluny.org\/actualite\/15-aout-fete-de-la-superieure-generale\/"},"wordCount":260,"image":{"@id":"https:\/\/www.sj-cluny.org\/actualite\/15-aout-fete-de-la-superieure-generale\/#primaryimage"},"thumbnailUrl":"https:\/\/www.sj-cluny.org\/wp-content\/uploads\/2025\/08\/sr-clare-2-e1756714622274.jpg","articleSection":["Actualit\u00e9"],"inLanguage":"es-ES"},{"@type":"WebPage","@id":"https:\/\/www.sj-cluny.org\/actualite\/15-aout-fete-de-la-superieure-generale\/","url":"https:\/\/www.sj-cluny.org\/actualite\/15-aout-fete-de-la-superieure-generale\/","name":"15 ao\u00fbt: F\u00eate de la Sup\u00e9rieure G\u00e9n\u00e9rale - S\u0153urs de Saint-Joseph de Cluny","isPartOf":{"@id":"https:\/\/www.sj-cluny.org\/#website"},"primaryImageOfPage":{"@id":"https:\/\/www.sj-cluny.org\/actualite\/15-aout-fete-de-la-superieure-generale\/#primaryimage"},"image":{"@id":"https:\/\/www.sj-cluny.org\/actualite\/15-aout-fete-de-la-superieure-generale\/#primaryimage"},"thumbnailUrl":"https:\/\/www.sj-cluny.org\/wp-content\/uploads\/2025\/08\/sr-clare-2-e1756714622274.jpg","datePublished":"2025-08-11T13:37:48+00:00","dateModified":"2025-09-01T08:16:32+00:00","author":{"@id":"https:\/\/www.sj-cluny.org\/#\/schema\/person\/7b86f8ad44181ad10553bff9d017ebb2"},"breadcrumb":{"@id":"https:\/\/www.sj-cluny.org\/actualite\/15-aout-fete-de-la-superieure-generale\/#breadcrumb"},"inLanguage":"es-ES","potentialAction":[{"@type":"ReadAction","target":["https:\/\/www.sj-cluny.org\/actualite\/15-aout-fete-de-la-superieure-generale\/"]}]},{"@type":"ImageObject","inLanguage":"es-ES","@id":"https:\/\/www.sj-cluny.org\/actualite\/15-aout-fete-de-la-superieure-generale\/#primaryimage","url":"https:\/\/www.sj-cluny.org\/wp-content\/uploads\/2025\/08\/sr-clare-2-e1756714622274.jpg","contentUrl":"https:\/\/www.sj-cluny.org\/wp-content\/uploads\/2025\/08\/sr-clare-2-e1756714622274.jpg","width":300,"height":253},{"@type":"BreadcrumbList","@id":"https:\/\/www.sj-cluny.org\/actualite\/15-aout-fete-de-la-superieure-generale\/#breadcrumb","itemListElement":[{"@type":"ListItem","position":1,"name":"Accueil","item":"https:\/\/www.sj-cluny.org\/"},{"@type":"ListItem","position":2,"name":"15 ao\u00fbt: F\u00eate de la Sup\u00e9rieure G\u00e9n\u00e9rale"}]},{"@type":"WebSite","@id":"https:\/\/www.sj-cluny.org\/#website","url":"https:\/\/www.sj-cluny.org\/","name":"Hermanas de San Jos\u00e9 de Cluny","description":"","potentialAction":[{"@type":"SearchAction","target":{"@type":"EntryPoint","urlTemplate":"https:\/\/www.sj-cluny.org\/?s={search_term_string}"},"query-input":{"@type":"PropertyValueSpecification","valueRequired":true,"valueName":"search_term_string"}}],"inLanguage":"es-ES"},{"@type":"Person","@id":"https:\/\/www.sj-cluny.org\/#\/schema\/person\/7b86f8ad44181ad10553bff9d017ebb2","name":"soeur-joan","image":{"@type":"ImageObject","inLanguage":"es-ES","@id":"https:\/\/secure.gravatar.com\/avatar\/c2113a0d90202927ebf833be994fe3cd69e33634e34c2473a49142e4d611f1ff?s=96&d=mm&r=g","url":"https:\/\/secure.gravatar.com\/avatar\/c2113a0d90202927ebf833be994fe3cd69e33634e34c2473a49142e4d611f1ff?s=96&d=mm&r=g","contentUrl":"https:\/\/secure.gravatar.com\/avatar\/c2113a0d90202927ebf833be994fe3cd69e33634e34c2473a49142e4d611f1ff?s=96&d=mm&r=g","caption":"soeur-joan"}}]}},"_links":{"self":[{"href":"https:\/\/www.sj-cluny.org\/es\/wp-json\/wp\/v2\/posts\/1942","targetHints":{"allow":["GET"]}}],"collection":[{"href":"https:\/\/www.sj-cluny.org\/es\/wp-json\/wp\/v2\/posts"}],"about":[{"href":"https:\/\/www.sj-cluny.org\/es\/wp-json\/wp\/v2\/types\/post"}],"author":[{"embeddable":true,"href":"https:\/\/www.sj-cluny.org\/es\/wp-json\/wp\/v2\/users\/3"}],"replies":[{"embeddable":true,"href":"https:\/\/www.sj-cluny.org\/es\/wp-json\/wp\/v2\/comments?post=1942"}],"version-history":[{"count":11,"href":"https:\/\/www.sj-cluny.org\/es\/wp-json\/wp\/v2\/posts\/1942\/revisions"}],"predecessor-version":[{"id":4095,"href":"https:\/\/www.sj-cluny.org\/es\/wp-json\/wp\/v2\/posts\/1942\/revisions\/4095"}],"wp:featuredmedia":[{"embeddable":true,"href":"https:\/\/www.sj-cluny.org\/es\/wp-json\/wp\/v2\/media\/3185"}],"wp:attachment":[{"href":"https:\/\/www.sj-cluny.org\/es\/wp-json\/wp\/v2\/media?parent=1942"}],"wp:term":[{"taxonomy":"category","embeddable":true,"href":"https:\/\/www.sj-cluny.org\/es\/wp-json\/wp\/v2\/categories?post=1942"},{"taxonomy":"post_tag","embeddable":true,"href":"https:\/\/www.sj-cluny.org\/es\/wp-json\/wp\/v2\/tags?post=1942"}],"curies":[{"name":"wp","href":"https:\/\/api.w.org\/{rel}","templated":true}]}}