{"id":6340,"date":"2026-04-29T11:32:51","date_gmt":"2026-04-29T09:32:51","guid":{"rendered":"https:\/\/www.sj-cluny.org\/?p=6340"},"modified":"2026-04-29T14:30:20","modified_gmt":"2026-04-29T12:30:20","slug":"assemblee-afrique-madagascar-2026","status":"publish","type":"post","link":"https:\/\/www.sj-cluny.org\/en\/actualite\/assemblee-afrique-madagascar-2026\/","title":{"rendered":"Africa\/Madagascar Assembly 2026"},"content":{"rendered":"<p>The African\/Madagascar Assembly 2026 has begun in Luanda, Angola. It started on April 23 and will continue until May 2.<\/p>\n\n\n\n<figure class=\"wp-block-image aligncenter size-large is-resized\"><img fetchpriority=\"high\" decoding=\"async\" width=\"1024\" height=\"459\" src=\"https:\/\/www.sj-cluny.org\/wp-content\/uploads\/2026\/04\/1-1-1024x459.jpg\" alt=\"\" class=\"wp-image-6341\" style=\"width:668px;height:auto\" srcset=\"https:\/\/www.sj-cluny.org\/wp-content\/uploads\/2026\/04\/1-1-1024x459.jpg 1024w, https:\/\/www.sj-cluny.org\/wp-content\/uploads\/2026\/04\/1-1-300x135.jpg 300w, https:\/\/www.sj-cluny.org\/wp-content\/uploads\/2026\/04\/1-1-768x345.jpg 768w, https:\/\/www.sj-cluny.org\/wp-content\/uploads\/2026\/04\/1-1-18x8.jpg 18w, https:\/\/www.sj-cluny.org\/wp-content\/uploads\/2026\/04\/1-1.jpg 1119w\" sizes=\"(max-width: 1024px) 100vw, 1024px\" \/><\/figure>\n\n\n\n<p>Those taking part in this important gathering are the Superior General, three councillors, as well as the Provincials\/regionals and representatives from the following provinces\/regions: Angola\/Guinea-Bissau\/Namibia, Central Africa, Francophone West Africa, Mozambique, West Africa, Madagascar, Seychelles\/Tanzania, Guinea Conakry.<\/p>\n\n\n\n<figure class=\"wp-block-image aligncenter size-large is-resized\"><img decoding=\"async\" width=\"1024\" height=\"578\" src=\"https:\/\/www.sj-cluny.org\/wp-content\/uploads\/2026\/04\/2-1024x578.jpeg\" alt=\"\" class=\"wp-image-6343\" style=\"width:709px;height:auto\" srcset=\"https:\/\/www.sj-cluny.org\/wp-content\/uploads\/2026\/04\/2-1024x578.jpeg 1024w, https:\/\/www.sj-cluny.org\/wp-content\/uploads\/2026\/04\/2-300x169.jpeg 300w, https:\/\/www.sj-cluny.org\/wp-content\/uploads\/2026\/04\/2-768x433.jpeg 768w, https:\/\/www.sj-cluny.org\/wp-content\/uploads\/2026\/04\/2-1536x866.jpeg 1536w, https:\/\/www.sj-cluny.org\/wp-content\/uploads\/2026\/04\/2-2048x1155.jpeg 2048w, https:\/\/www.sj-cluny.org\/wp-content\/uploads\/2026\/04\/2-18x10.jpeg 18w\" sizes=\"(max-width: 1024px) 100vw, 1024px\" \/><\/figure>\n\n\n\n<p class=\"has-text-align-left\">The theme of the Assembly is: \u201cWe, the Cluny Sisters of Africa and Madagascar, dare to be credible witnesses of Christ.\u201d<\/p>\n\n\n\n<p>Let us be united with our sisters and carry them in our prayer during this time of meeting and discernment, so that they may find the best paths to be credible witnesses of Christ's message.<\/p>\n\n\n\n<figure class=\"wp-block-image aligncenter size-large\"><img decoding=\"async\" width=\"1508\" height=\"849\" src=\"https:\/\/www.sj-cluny.org\/wp-content\/uploads\/2026\/04\/4-edited.jpeg\" alt=\"\" class=\"wp-image-6354\" srcset=\"https:\/\/www.sj-cluny.org\/wp-content\/uploads\/2026\/04\/4-edited.jpeg 1508w, https:\/\/www.sj-cluny.org\/wp-content\/uploads\/2026\/04\/4-edited-300x169.jpeg 300w, https:\/\/www.sj-cluny.org\/wp-content\/uploads\/2026\/04\/4-edited-1024x577.jpeg 1024w, https:\/\/www.sj-cluny.org\/wp-content\/uploads\/2026\/04\/4-edited-768x432.jpeg 768w, https:\/\/www.sj-cluny.org\/wp-content\/uploads\/2026\/04\/4-edited-18x10.jpeg 18w\" sizes=\"(max-width: 1508px) 100vw, 1508px\" \/><\/figure>\n\n\n\n<p><\/p>","protected":false},"excerpt":{"rendered":"<p>L\u2019Assembl\u00e9e Afrique\/Madagascar 2026 a d\u00e9but\u00e9 \u00e0 Luanda, en Angola. Elle a commenc\u00e9 le 23 avril et se poursuivra jusqu\u2019au 2 mai. Participent \u00e0 cette rencontre importante Sup\u00e9rieure g\u00e9n\u00e9rale, trois conseill\u00e8res, [&hellip;]<\/p>\n","protected":false},"author":2,"featured_media":6359,"comment_status":"closed","ping_status":"closed","sticky":false,"template":"","format":"standard","meta":{"_acf_changed":false,"footnotes":""},"categories":[1],"tags":[],"class_list":["post-6340","post","type-post","status-publish","format-standard","has-post-thumbnail","hentry","category-actualite"],"acf":[],"yoast_head":"<!-- This site is optimized with the Yoast SEO plugin v27.4 - https:\/\/yoast.com\/product\/yoast-seo-wordpress\/ -->\n<title>Assembl\u00e9e Afrique\/Madagascar 2026 - S\u0153urs de Saint-Joseph de Cluny<\/title>\n<meta name=\"robots\" content=\"index, follow, max-snippet:-1, max-image-preview:large, max-video-preview:-1\" \/>\n<link rel=\"canonical\" href=\"https:\/\/www.sj-cluny.org\/en\/actualite\/assemblee-afrique-madagascar-2026\/\" \/>\n<meta property=\"og:locale\" content=\"en_GB\" \/>\n<meta property=\"og:type\" content=\"article\" \/>\n<meta property=\"og:title\" content=\"Assembl\u00e9e Afrique\/Madagascar 2026 - S\u0153urs de Saint-Joseph de Cluny\" \/>\n<meta property=\"og:description\" content=\"L\u2019Assembl\u00e9e Afrique\/Madagascar 2026 a d\u00e9but\u00e9 \u00e0 Luanda, en Angola. Elle a commenc\u00e9 le 23 avril et se poursuivra jusqu\u2019au 2 mai. Participent \u00e0 cette rencontre importante Sup\u00e9rieure g\u00e9n\u00e9rale, trois conseill\u00e8res, [&hellip;]\" \/>\n<meta property=\"og:url\" content=\"https:\/\/www.sj-cluny.org\/en\/actualite\/assemblee-afrique-madagascar-2026\/\" \/>\n<meta property=\"og:site_name\" content=\"S\u0153urs de Saint-Joseph de Cluny\" \/>\n<meta property=\"article:published_time\" content=\"2026-04-29T09:32:51+00:00\" \/>\n<meta property=\"article:modified_time\" content=\"2026-04-29T12:30:20+00:00\" \/>\n<meta property=\"og:image\" content=\"https:\/\/www.sj-cluny.org\/wp-content\/uploads\/2026\/04\/3-1-e1777465810985.png\" \/>\n\t<meta property=\"og:image:width\" content=\"416\" \/>\n\t<meta property=\"og:image:height\" content=\"224\" \/>\n\t<meta property=\"og:image:type\" content=\"image\/png\" \/>\n<meta name=\"author\" content=\"soeur-francisca\" \/>\n<meta name=\"twitter:card\" content=\"summary_large_image\" \/>\n<meta name=\"twitter:label1\" content=\"Written by\" \/>\n\t<meta name=\"twitter:data1\" content=\"soeur-francisca\" \/>\n\t<meta name=\"twitter:label2\" content=\"Est. reading time\" \/>\n\t<meta name=\"twitter:data2\" content=\"2 minutes\" \/>\n<script type=\"application\/ld+json\" class=\"yoast-schema-graph\">{\"@context\":\"https:\\\/\\\/schema.org\",\"@graph\":[{\"@type\":\"Article\",\"@id\":\"https:\\\/\\\/www.sj-cluny.org\\\/actualite\\\/assemblee-afrique-madagascar-2026\\\/#article\",\"isPartOf\":{\"@id\":\"https:\\\/\\\/www.sj-cluny.org\\\/actualite\\\/assemblee-afrique-madagascar-2026\\\/\"},\"author\":{\"name\":\"soeur-francisca\",\"@id\":\"https:\\\/\\\/www.sj-cluny.org\\\/#\\\/schema\\\/person\\\/668a6c050484687158437cdd2bb77dd1\"},\"headline\":\"Assembl\u00e9e Afrique\\\/Madagascar 2026\",\"datePublished\":\"2026-04-29T09:32:51+00:00\",\"dateModified\":\"2026-04-29T12:30:20+00:00\",\"mainEntityOfPage\":{\"@id\":\"https:\\\/\\\/www.sj-cluny.org\\\/actualite\\\/assemblee-afrique-madagascar-2026\\\/\"},\"wordCount\":139,\"image\":{\"@id\":\"https:\\\/\\\/www.sj-cluny.org\\\/actualite\\\/assemblee-afrique-madagascar-2026\\\/#primaryimage\"},\"thumbnailUrl\":\"https:\\\/\\\/www.sj-cluny.org\\\/wp-content\\\/uploads\\\/2026\\\/04\\\/3-1-e1777465810985.png\",\"articleSection\":[\"Actualit\u00e9\"],\"inLanguage\":\"en-GB\"},{\"@type\":\"WebPage\",\"@id\":\"https:\\\/\\\/www.sj-cluny.org\\\/actualite\\\/assemblee-afrique-madagascar-2026\\\/\",\"url\":\"https:\\\/\\\/www.sj-cluny.org\\\/actualite\\\/assemblee-afrique-madagascar-2026\\\/\",\"name\":\"Assembl\u00e9e Afrique\\\/Madagascar 2026 - S\u0153urs de Saint-Joseph de Cluny\",\"isPartOf\":{\"@id\":\"https:\\\/\\\/www.sj-cluny.org\\\/#website\"},\"primaryImageOfPage\":{\"@id\":\"https:\\\/\\\/www.sj-cluny.org\\\/actualite\\\/assemblee-afrique-madagascar-2026\\\/#primaryimage\"},\"image\":{\"@id\":\"https:\\\/\\\/www.sj-cluny.org\\\/actualite\\\/assemblee-afrique-madagascar-2026\\\/#primaryimage\"},\"thumbnailUrl\":\"https:\\\/\\\/www.sj-cluny.org\\\/wp-content\\\/uploads\\\/2026\\\/04\\\/3-1-e1777465810985.png\",\"datePublished\":\"2026-04-29T09:32:51+00:00\",\"dateModified\":\"2026-04-29T12:30:20+00:00\",\"author\":{\"@id\":\"https:\\\/\\\/www.sj-cluny.org\\\/#\\\/schema\\\/person\\\/668a6c050484687158437cdd2bb77dd1\"},\"breadcrumb\":{\"@id\":\"https:\\\/\\\/www.sj-cluny.org\\\/actualite\\\/assemblee-afrique-madagascar-2026\\\/#breadcrumb\"},\"inLanguage\":\"en-GB\",\"potentialAction\":[{\"@type\":\"ReadAction\",\"target\":[\"https:\\\/\\\/www.sj-cluny.org\\\/actualite\\\/assemblee-afrique-madagascar-2026\\\/\"]}]},{\"@type\":\"ImageObject\",\"inLanguage\":\"en-GB\",\"@id\":\"https:\\\/\\\/www.sj-cluny.org\\\/actualite\\\/assemblee-afrique-madagascar-2026\\\/#primaryimage\",\"url\":\"https:\\\/\\\/www.sj-cluny.org\\\/wp-content\\\/uploads\\\/2026\\\/04\\\/3-1-e1777465810985.png\",\"contentUrl\":\"https:\\\/\\\/www.sj-cluny.org\\\/wp-content\\\/uploads\\\/2026\\\/04\\\/3-1-e1777465810985.png\",\"width\":416,\"height\":224},{\"@type\":\"BreadcrumbList\",\"@id\":\"https:\\\/\\\/www.sj-cluny.org\\\/actualite\\\/assemblee-afrique-madagascar-2026\\\/#breadcrumb\",\"itemListElement\":[{\"@type\":\"ListItem\",\"position\":1,\"name\":\"Accueil\",\"item\":\"https:\\\/\\\/www.sj-cluny.org\\\/\"},{\"@type\":\"ListItem\",\"position\":2,\"name\":\"Assembl\u00e9e Afrique\\\/Madagascar 2026\"}]},{\"@type\":\"WebSite\",\"@id\":\"https:\\\/\\\/www.sj-cluny.org\\\/#website\",\"url\":\"https:\\\/\\\/www.sj-cluny.org\\\/\",\"name\":\"S\u0153urs de Saint-Joseph de Cluny\",\"description\":\"\",\"potentialAction\":[{\"@type\":\"SearchAction\",\"target\":{\"@type\":\"EntryPoint\",\"urlTemplate\":\"https:\\\/\\\/www.sj-cluny.org\\\/?s={search_term_string}\"},\"query-input\":{\"@type\":\"PropertyValueSpecification\",\"valueRequired\":true,\"valueName\":\"search_term_string\"}}],\"inLanguage\":\"en-GB\"},{\"@type\":\"Person\",\"@id\":\"https:\\\/\\\/www.sj-cluny.org\\\/#\\\/schema\\\/person\\\/668a6c050484687158437cdd2bb77dd1\",\"name\":\"soeur-francisca\",\"image\":{\"@type\":\"ImageObject\",\"inLanguage\":\"en-GB\",\"@id\":\"https:\\\/\\\/secure.gravatar.com\\\/avatar\\\/d9128aa0158e0af474f8fc6d1de64d386e8feba3a5462f1896e84d62e92b9d25?s=96&d=mm&r=g\",\"url\":\"https:\\\/\\\/secure.gravatar.com\\\/avatar\\\/d9128aa0158e0af474f8fc6d1de64d386e8feba3a5462f1896e84d62e92b9d25?s=96&d=mm&r=g\",\"contentUrl\":\"https:\\\/\\\/secure.gravatar.com\\\/avatar\\\/d9128aa0158e0af474f8fc6d1de64d386e8feba3a5462f1896e84d62e92b9d25?s=96&d=mm&r=g\",\"caption\":\"soeur-francisca\"}}]}<\/script>\n<!-- \/ Yoast SEO plugin. -->","yoast_head_json":{"title":"Assembl\u00e9e Afrique\/Madagascar 2026 - S\u0153urs de Saint-Joseph de Cluny","robots":{"index":"index","follow":"follow","max-snippet":"max-snippet:-1","max-image-preview":"max-image-preview:large","max-video-preview":"max-video-preview:-1"},"canonical":"https:\/\/www.sj-cluny.org\/en\/actualite\/assemblee-afrique-madagascar-2026\/","og_locale":"en_GB","og_type":"article","og_title":"Assembl\u00e9e Afrique\/Madagascar 2026 - S\u0153urs de Saint-Joseph de Cluny","og_description":"L\u2019Assembl\u00e9e Afrique\/Madagascar 2026 a d\u00e9but\u00e9 \u00e0 Luanda, en Angola. Elle a commenc\u00e9 le 23 avril et se poursuivra jusqu\u2019au 2 mai. Participent \u00e0 cette rencontre importante Sup\u00e9rieure g\u00e9n\u00e9rale, trois conseill\u00e8res, [&hellip;]","og_url":"https:\/\/www.sj-cluny.org\/en\/actualite\/assemblee-afrique-madagascar-2026\/","og_site_name":"S\u0153urs de Saint-Joseph de Cluny","article_published_time":"2026-04-29T09:32:51+00:00","article_modified_time":"2026-04-29T12:30:20+00:00","og_image":[{"width":416,"height":224,"url":"https:\/\/www.sj-cluny.org\/wp-content\/uploads\/2026\/04\/3-1-e1777465810985.png","type":"image\/png"}],"author":"soeur-francisca","twitter_card":"summary_large_image","twitter_misc":{"Written by":"soeur-francisca","Est. reading time":"2 minutes"},"schema":{"@context":"https:\/\/schema.org","@graph":[{"@type":"Article","@id":"https:\/\/www.sj-cluny.org\/actualite\/assemblee-afrique-madagascar-2026\/#article","isPartOf":{"@id":"https:\/\/www.sj-cluny.org\/actualite\/assemblee-afrique-madagascar-2026\/"},"author":{"name":"soeur-francisca","@id":"https:\/\/www.sj-cluny.org\/#\/schema\/person\/668a6c050484687158437cdd2bb77dd1"},"headline":"Assembl\u00e9e Afrique\/Madagascar 2026","datePublished":"2026-04-29T09:32:51+00:00","dateModified":"2026-04-29T12:30:20+00:00","mainEntityOfPage":{"@id":"https:\/\/www.sj-cluny.org\/actualite\/assemblee-afrique-madagascar-2026\/"},"wordCount":139,"image":{"@id":"https:\/\/www.sj-cluny.org\/actualite\/assemblee-afrique-madagascar-2026\/#primaryimage"},"thumbnailUrl":"https:\/\/www.sj-cluny.org\/wp-content\/uploads\/2026\/04\/3-1-e1777465810985.png","articleSection":["Actualit\u00e9"],"inLanguage":"en-GB"},{"@type":"WebPage","@id":"https:\/\/www.sj-cluny.org\/actualite\/assemblee-afrique-madagascar-2026\/","url":"https:\/\/www.sj-cluny.org\/actualite\/assemblee-afrique-madagascar-2026\/","name":"Assembl\u00e9e Afrique\/Madagascar 2026 - S\u0153urs de Saint-Joseph de Cluny","isPartOf":{"@id":"https:\/\/www.sj-cluny.org\/#website"},"primaryImageOfPage":{"@id":"https:\/\/www.sj-cluny.org\/actualite\/assemblee-afrique-madagascar-2026\/#primaryimage"},"image":{"@id":"https:\/\/www.sj-cluny.org\/actualite\/assemblee-afrique-madagascar-2026\/#primaryimage"},"thumbnailUrl":"https:\/\/www.sj-cluny.org\/wp-content\/uploads\/2026\/04\/3-1-e1777465810985.png","datePublished":"2026-04-29T09:32:51+00:00","dateModified":"2026-04-29T12:30:20+00:00","author":{"@id":"https:\/\/www.sj-cluny.org\/#\/schema\/person\/668a6c050484687158437cdd2bb77dd1"},"breadcrumb":{"@id":"https:\/\/www.sj-cluny.org\/actualite\/assemblee-afrique-madagascar-2026\/#breadcrumb"},"inLanguage":"en-GB","potentialAction":[{"@type":"ReadAction","target":["https:\/\/www.sj-cluny.org\/actualite\/assemblee-afrique-madagascar-2026\/"]}]},{"@type":"ImageObject","inLanguage":"en-GB","@id":"https:\/\/www.sj-cluny.org\/actualite\/assemblee-afrique-madagascar-2026\/#primaryimage","url":"https:\/\/www.sj-cluny.org\/wp-content\/uploads\/2026\/04\/3-1-e1777465810985.png","contentUrl":"https:\/\/www.sj-cluny.org\/wp-content\/uploads\/2026\/04\/3-1-e1777465810985.png","width":416,"height":224},{"@type":"BreadcrumbList","@id":"https:\/\/www.sj-cluny.org\/actualite\/assemblee-afrique-madagascar-2026\/#breadcrumb","itemListElement":[{"@type":"ListItem","position":1,"name":"Accueil","item":"https:\/\/www.sj-cluny.org\/"},{"@type":"ListItem","position":2,"name":"Assembl\u00e9e Afrique\/Madagascar 2026"}]},{"@type":"WebSite","@id":"https:\/\/www.sj-cluny.org\/#website","url":"https:\/\/www.sj-cluny.org\/","name":"Sisters of Saint Joseph of Cluny","description":"","potentialAction":[{"@type":"SearchAction","target":{"@type":"EntryPoint","urlTemplate":"https:\/\/www.sj-cluny.org\/?s={search_term_string}"},"query-input":{"@type":"PropertyValueSpecification","valueRequired":true,"valueName":"search_term_string"}}],"inLanguage":"en-GB"},{"@type":"Person","@id":"https:\/\/www.sj-cluny.org\/#\/schema\/person\/668a6c050484687158437cdd2bb77dd1","name":"soeur-francisca","image":{"@type":"ImageObject","inLanguage":"en-GB","@id":"https:\/\/secure.gravatar.com\/avatar\/d9128aa0158e0af474f8fc6d1de64d386e8feba3a5462f1896e84d62e92b9d25?s=96&d=mm&r=g","url":"https:\/\/secure.gravatar.com\/avatar\/d9128aa0158e0af474f8fc6d1de64d386e8feba3a5462f1896e84d62e92b9d25?s=96&d=mm&r=g","contentUrl":"https:\/\/secure.gravatar.com\/avatar\/d9128aa0158e0af474f8fc6d1de64d386e8feba3a5462f1896e84d62e92b9d25?s=96&d=mm&r=g","caption":"soeur-francisca"}}]}},"_links":{"self":[{"href":"https:\/\/www.sj-cluny.org\/en\/wp-json\/wp\/v2\/posts\/6340","targetHints":{"allow":["GET"]}}],"collection":[{"href":"https:\/\/www.sj-cluny.org\/en\/wp-json\/wp\/v2\/posts"}],"about":[{"href":"https:\/\/www.sj-cluny.org\/en\/wp-json\/wp\/v2\/types\/post"}],"author":[{"embeddable":true,"href":"https:\/\/www.sj-cluny.org\/en\/wp-json\/wp\/v2\/users\/2"}],"replies":[{"embeddable":true,"href":"https:\/\/www.sj-cluny.org\/en\/wp-json\/wp\/v2\/comments?post=6340"}],"version-history":[{"count":8,"href":"https:\/\/www.sj-cluny.org\/en\/wp-json\/wp\/v2\/posts\/6340\/revisions"}],"predecessor-version":[{"id":6358,"href":"https:\/\/www.sj-cluny.org\/en\/wp-json\/wp\/v2\/posts\/6340\/revisions\/6358"}],"wp:featuredmedia":[{"embeddable":true,"href":"https:\/\/www.sj-cluny.org\/en\/wp-json\/wp\/v2\/media\/6359"}],"wp:attachment":[{"href":"https:\/\/www.sj-cluny.org\/en\/wp-json\/wp\/v2\/media?parent=6340"}],"wp:term":[{"taxonomy":"category","embeddable":true,"href":"https:\/\/www.sj-cluny.org\/en\/wp-json\/wp\/v2\/categories?post=6340"},{"taxonomy":"post_tag","embeddable":true,"href":"https:\/\/www.sj-cluny.org\/en\/wp-json\/wp\/v2\/tags?post=6340"}],"curies":[{"name":"wp","href":"https:\/\/api.w.org\/{rel}","templated":true}]}}