{"id":4245,"date":"2025-12-02T10:12:07","date_gmt":"2025-12-02T09:12:07","guid":{"rendered":"https:\/\/www.sj-cluny.org\/?p=4245"},"modified":"2025-12-02T17:28:34","modified_gmt":"2025-12-02T16:28:34","slug":"la-fondation-de-deux-communautes","status":"publish","type":"post","link":"https:\/\/www.sj-cluny.org\/en\/actualite\/la-fondation-de-deux-communautes\/","title":{"rendered":"The founding of two communities"},"content":{"rendered":"<div data-elementor-type=\"wp-post\" data-elementor-id=\"4245\" class=\"elementor elementor-4245\" data-elementor-post-type=\"post\">\n\t\t\t\t<div class=\"elementor-element elementor-element-9465971 e-flex e-con-boxed e-con e-parent\" data-id=\"9465971\" data-element_type=\"container\" data-e-type=\"container\">\n\t\t\t\t\t<div class=\"e-con-inner\">\n\t\t\t\t<div class=\"elementor-element elementor-element-f2569b4 elementor-widget elementor-widget-text-editor\" data-id=\"f2569b4\" data-element_type=\"widget\" data-e-type=\"widget\" data-widget_type=\"text-editor.default\">\n\t\t\t\t<div class=\"elementor-widget-container\">\n\t\t\t\t\t\t\t\t\t<h3><strong>Saint Martin in Lom\u00e9 (Togo) and <\/strong><\/h3><h3><strong>Anne Marie Javouhey in Agbanto (Benin)<\/strong><\/h3>\t\t\t\t\t\t\t\t<\/div>\n\t\t\t\t<\/div>\n\t\t\t\t\t<\/div>\n\t\t\t\t<\/div>\n\t\t<div class=\"elementor-element elementor-element-3e4f81b e-flex e-con-boxed e-con e-parent\" data-id=\"3e4f81b\" data-element_type=\"container\" data-e-type=\"container\">\n\t\t\t\t\t<div class=\"e-con-inner\">\n\t\t\t\t<div class=\"elementor-element elementor-element-b797b05 elementor-widget elementor-widget-text-editor\" data-id=\"b797b05\" data-element_type=\"widget\" data-e-type=\"widget\" data-widget_type=\"text-editor.default\">\n\t\t\t\t<div class=\"elementor-widget-container\">\n\t\t\t\t\t\t\t\t\t<p>We are delighted to announce the foundation of two communities in the French-speaking Province of West Africa.<\/p>\t\t\t\t\t\t\t\t<\/div>\n\t\t\t\t<\/div>\n\t\t\t\t<div class=\"elementor-element elementor-element-317a9a8 elementor-widget elementor-widget-image\" data-id=\"317a9a8\" data-element_type=\"widget\" data-e-type=\"widget\" data-widget_type=\"image.default\">\n\t\t\t\t<div class=\"elementor-widget-container\">\n\t\t\t\t\t\t\t\t\t\t\t\t\t\t\t<img fetchpriority=\"high\" decoding=\"async\" width=\"768\" height=\"637\" src=\"https:\/\/www.sj-cluny.org\/wp-content\/uploads\/2025\/11\/whatsapp-image-2025-11-17-at-4.45.19-pm-1-e1763973735271-768x637.jpeg\" class=\"attachment-medium_large size-medium_large wp-image-4415\" alt=\"\" srcset=\"https:\/\/www.sj-cluny.org\/wp-content\/uploads\/2025\/11\/whatsapp-image-2025-11-17-at-4.45.19-pm-1-e1763973735271-768x637.jpeg 768w, https:\/\/www.sj-cluny.org\/wp-content\/uploads\/2025\/11\/whatsapp-image-2025-11-17-at-4.45.19-pm-1-e1763973735271-300x249.jpeg 300w, https:\/\/www.sj-cluny.org\/wp-content\/uploads\/2025\/11\/whatsapp-image-2025-11-17-at-4.45.19-pm-1-e1763973735271-14x12.jpeg 14w, https:\/\/www.sj-cluny.org\/wp-content\/uploads\/2025\/11\/whatsapp-image-2025-11-17-at-4.45.19-pm-1-e1763973735271.jpeg 825w\" sizes=\"(max-width: 768px) 100vw, 768px\" \/>\t\t\t\t\t\t\t\t\t\t\t\t\t\t\t<\/div>\n\t\t\t\t<\/div>\n\t\t\t\t\t<\/div>\n\t\t\t\t<\/div>\n\t\t<div class=\"elementor-element elementor-element-c06d7e1 e-flex e-con-boxed e-con e-parent\" data-id=\"c06d7e1\" data-element_type=\"container\" data-e-type=\"container\">\n\t\t\t\t\t<div class=\"e-con-inner\">\n\t\t\t\t<div class=\"elementor-element elementor-element-5771ab4 elementor-widget elementor-widget-text-editor\" data-id=\"5771ab4\" data-element_type=\"widget\" data-e-type=\"widget\" data-widget_type=\"text-editor.default\">\n\t\t\t\t<div class=\"elementor-widget-container\">\n\t\t\t\t\t\t\t\t\t<p>The Saint-Martin community in Lom\u00e9, Togo was founded on 5 November 2025. This new foundation is made up of three sisters: Sister Honorine Kotsole, Sister No\u00ebline Kadja and Sister Martine Agbevide, who is in charge of the community. The sisters are involved in pastoral work and study groups.<\/p>\t\t\t\t\t\t\t\t<\/div>\n\t\t\t\t<\/div>\n\t\t\t\t\t<\/div>\n\t\t\t\t<\/div>\n\t\t<div class=\"elementor-element elementor-element-4e1a386 e-grid e-con-boxed e-con e-parent\" data-id=\"4e1a386\" data-element_type=\"container\" data-e-type=\"container\">\n\t\t\t\t\t<div class=\"e-con-inner\">\n\t\t\t\t<div class=\"elementor-element elementor-element-5ea0284 elementor-widget elementor-widget-image\" data-id=\"5ea0284\" data-element_type=\"widget\" data-e-type=\"widget\" data-widget_type=\"image.default\">\n\t\t\t\t<div class=\"elementor-widget-container\">\n\t\t\t\t\t\t\t\t\t\t\t\t\t\t\t<img decoding=\"async\" width=\"300\" height=\"226\" src=\"https:\/\/www.sj-cluny.org\/wp-content\/uploads\/2025\/11\/whatsapp-image-2025-11-21-at-2.00.08-pm-1-e1763976376695-300x226.jpeg\" class=\"attachment-medium size-medium wp-image-4433\" alt=\"\" srcset=\"https:\/\/www.sj-cluny.org\/wp-content\/uploads\/2025\/11\/whatsapp-image-2025-11-21-at-2.00.08-pm-1-e1763976376695-300x226.jpeg 300w, https:\/\/www.sj-cluny.org\/wp-content\/uploads\/2025\/11\/whatsapp-image-2025-11-21-at-2.00.08-pm-1-e1763976376695-768x579.jpeg 768w, https:\/\/www.sj-cluny.org\/wp-content\/uploads\/2025\/11\/whatsapp-image-2025-11-21-at-2.00.08-pm-1-e1763976376695-16x12.jpeg 16w, https:\/\/www.sj-cluny.org\/wp-content\/uploads\/2025\/11\/whatsapp-image-2025-11-21-at-2.00.08-pm-1-e1763976376695.jpeg 805w\" sizes=\"(max-width: 300px) 100vw, 300px\" \/>\t\t\t\t\t\t\t\t\t\t\t\t\t\t\t<\/div>\n\t\t\t\t<\/div>\n\t\t\t\t<div class=\"elementor-element elementor-element-b0948f0 elementor-widget elementor-widget-text-editor\" data-id=\"b0948f0\" data-element_type=\"widget\" data-e-type=\"widget\" data-widget_type=\"text-editor.default\">\n\t\t\t\t<div class=\"elementor-widget-container\">\n\t\t\t\t\t\t\t\t\t<p>The Anne Marie Javouhey community in Agbanto, Benin, was opened on 11 November 2025. This new foundation is made up of three sisters: Sister S\u00e9raphine Hovi, Sister Anne V\u00e9ronique Tarpessou and Sister M\u00e9lanie Bolouvi, who is in charge of the community. The sisters\u00ab main spiritual mission will be to manage the Missal \u00bbVivre la Parole de Dieu au quotidien\", in close collaboration with Father Julien PENOUKOU and his team.<\/p>\t\t\t\t\t\t\t\t<\/div>\n\t\t\t\t<\/div>\n\t\t\t\t\t<\/div>\n\t\t\t\t<\/div>\n\t\t<div class=\"elementor-element elementor-element-d9e79b6 e-flex e-con-boxed e-con e-parent\" data-id=\"d9e79b6\" data-element_type=\"container\" data-e-type=\"container\">\n\t\t\t\t\t<div class=\"e-con-inner\">\n\t\t\t\t<div class=\"elementor-element elementor-element-fc81372 elementor-widget elementor-widget-text-editor\" data-id=\"fc81372\" data-element_type=\"widget\" data-e-type=\"widget\" data-widget_type=\"text-editor.default\">\n\t\t\t\t<div class=\"elementor-widget-container\">\n\t\t\t\t\t\t\t\t\t<p>We thank God for these two communities and for the sisters' availability!<\/p>\t\t\t\t\t\t\t\t<\/div>\n\t\t\t\t<\/div>\n\t\t\t\t\t<\/div>\n\t\t\t\t<\/div>\n\t\t\t\t<\/div>","protected":false},"excerpt":{"rendered":"<p>Saint Martin \u00e0 Lom\u00e9 (Togo) et Anne Marie Javouhey \u00e0 Agbanto (B\u00e9nin) Nous sommes heureuses de vous annoncer la fondation de deux communaut\u00e9s dans la Province d\u2019Afrique de l\u2019Ouest Francophone. [&hellip;]<\/p>\n","protected":false},"author":2,"featured_media":4411,"comment_status":"closed","ping_status":"closed","sticky":false,"template":"","format":"standard","meta":{"_acf_changed":false,"footnotes":""},"categories":[1],"tags":[],"class_list":["post-4245","post","type-post","status-publish","format-standard","has-post-thumbnail","hentry","category-actualite"],"acf":[],"yoast_head":"<!-- This site is optimized with the Yoast SEO plugin v27.4 - https:\/\/yoast.com\/product\/yoast-seo-wordpress\/ -->\n<title>La fondation de deux communaut\u00e9s - S\u0153urs de Saint-Joseph de Cluny<\/title>\n<meta name=\"robots\" content=\"index, follow, max-snippet:-1, max-image-preview:large, max-video-preview:-1\" \/>\n<link rel=\"canonical\" href=\"https:\/\/www.sj-cluny.org\/en\/actualite\/la-fondation-de-deux-communautes\/\" \/>\n<meta property=\"og:locale\" content=\"en_GB\" \/>\n<meta property=\"og:type\" content=\"article\" \/>\n<meta property=\"og:title\" content=\"La fondation de deux communaut\u00e9s - S\u0153urs de Saint-Joseph de Cluny\" \/>\n<meta property=\"og:description\" content=\"Saint Martin \u00e0 Lom\u00e9 (Togo) et Anne Marie Javouhey \u00e0 Agbanto (B\u00e9nin) Nous sommes heureuses de vous annoncer la fondation de deux communaut\u00e9s dans la Province d\u2019Afrique de l\u2019Ouest Francophone. [&hellip;]\" \/>\n<meta property=\"og:url\" content=\"https:\/\/www.sj-cluny.org\/en\/actualite\/la-fondation-de-deux-communautes\/\" \/>\n<meta property=\"og:site_name\" content=\"S\u0153urs de Saint-Joseph de Cluny\" \/>\n<meta property=\"article:published_time\" content=\"2025-12-02T09:12:07+00:00\" \/>\n<meta property=\"article:modified_time\" content=\"2025-12-02T16:28:34+00:00\" \/>\n<meta property=\"og:image\" content=\"https:\/\/www.sj-cluny.org\/wp-content\/uploads\/2025\/11\/africa-occidentale-sul-golfo-di-guinea-mappa-politica-istock-11zon-1024x683-1-e1763980476140.jpg\" \/>\n\t<meta property=\"og:image:width\" content=\"340\" \/>\n\t<meta property=\"og:image:height\" content=\"336\" \/>\n\t<meta property=\"og:image:type\" content=\"image\/jpeg\" \/>\n<meta name=\"author\" content=\"soeur-francisca\" \/>\n<meta name=\"twitter:card\" content=\"summary_large_image\" \/>\n<meta name=\"twitter:label1\" content=\"Written by\" \/>\n\t<meta name=\"twitter:data1\" content=\"soeur-francisca\" \/>\n\t<meta name=\"twitter:label2\" content=\"Est. reading time\" \/>\n\t<meta name=\"twitter:data2\" content=\"2 minutes\" \/>\n<script type=\"application\/ld+json\" class=\"yoast-schema-graph\">{\"@context\":\"https:\\\/\\\/schema.org\",\"@graph\":[{\"@type\":\"Article\",\"@id\":\"https:\\\/\\\/www.sj-cluny.org\\\/actualite\\\/la-fondation-de-deux-communautes\\\/#article\",\"isPartOf\":{\"@id\":\"https:\\\/\\\/www.sj-cluny.org\\\/actualite\\\/la-fondation-de-deux-communautes\\\/\"},\"author\":{\"name\":\"soeur-francisca\",\"@id\":\"https:\\\/\\\/www.sj-cluny.org\\\/#\\\/schema\\\/person\\\/668a6c050484687158437cdd2bb77dd1\"},\"headline\":\"La fondation de deux communaut\u00e9s\",\"datePublished\":\"2025-12-02T09:12:07+00:00\",\"dateModified\":\"2025-12-02T16:28:34+00:00\",\"mainEntityOfPage\":{\"@id\":\"https:\\\/\\\/www.sj-cluny.org\\\/actualite\\\/la-fondation-de-deux-communautes\\\/\"},\"wordCount\":188,\"image\":{\"@id\":\"https:\\\/\\\/www.sj-cluny.org\\\/actualite\\\/la-fondation-de-deux-communautes\\\/#primaryimage\"},\"thumbnailUrl\":\"https:\\\/\\\/www.sj-cluny.org\\\/wp-content\\\/uploads\\\/2025\\\/11\\\/africa-occidentale-sul-golfo-di-guinea-mappa-politica-istock-11zon-1024x683-1-e1763980476140.jpg\",\"articleSection\":[\"Actualit\u00e9\"],\"inLanguage\":\"en-GB\"},{\"@type\":\"WebPage\",\"@id\":\"https:\\\/\\\/www.sj-cluny.org\\\/actualite\\\/la-fondation-de-deux-communautes\\\/\",\"url\":\"https:\\\/\\\/www.sj-cluny.org\\\/actualite\\\/la-fondation-de-deux-communautes\\\/\",\"name\":\"La fondation de deux communaut\u00e9s - S\u0153urs de Saint-Joseph de Cluny\",\"isPartOf\":{\"@id\":\"https:\\\/\\\/www.sj-cluny.org\\\/#website\"},\"primaryImageOfPage\":{\"@id\":\"https:\\\/\\\/www.sj-cluny.org\\\/actualite\\\/la-fondation-de-deux-communautes\\\/#primaryimage\"},\"image\":{\"@id\":\"https:\\\/\\\/www.sj-cluny.org\\\/actualite\\\/la-fondation-de-deux-communautes\\\/#primaryimage\"},\"thumbnailUrl\":\"https:\\\/\\\/www.sj-cluny.org\\\/wp-content\\\/uploads\\\/2025\\\/11\\\/africa-occidentale-sul-golfo-di-guinea-mappa-politica-istock-11zon-1024x683-1-e1763980476140.jpg\",\"datePublished\":\"2025-12-02T09:12:07+00:00\",\"dateModified\":\"2025-12-02T16:28:34+00:00\",\"author\":{\"@id\":\"https:\\\/\\\/www.sj-cluny.org\\\/#\\\/schema\\\/person\\\/668a6c050484687158437cdd2bb77dd1\"},\"breadcrumb\":{\"@id\":\"https:\\\/\\\/www.sj-cluny.org\\\/actualite\\\/la-fondation-de-deux-communautes\\\/#breadcrumb\"},\"inLanguage\":\"en-GB\",\"potentialAction\":[{\"@type\":\"ReadAction\",\"target\":[\"https:\\\/\\\/www.sj-cluny.org\\\/actualite\\\/la-fondation-de-deux-communautes\\\/\"]}]},{\"@type\":\"ImageObject\",\"inLanguage\":\"en-GB\",\"@id\":\"https:\\\/\\\/www.sj-cluny.org\\\/actualite\\\/la-fondation-de-deux-communautes\\\/#primaryimage\",\"url\":\"https:\\\/\\\/www.sj-cluny.org\\\/wp-content\\\/uploads\\\/2025\\\/11\\\/africa-occidentale-sul-golfo-di-guinea-mappa-politica-istock-11zon-1024x683-1-e1763980476140.jpg\",\"contentUrl\":\"https:\\\/\\\/www.sj-cluny.org\\\/wp-content\\\/uploads\\\/2025\\\/11\\\/africa-occidentale-sul-golfo-di-guinea-mappa-politica-istock-11zon-1024x683-1-e1763980476140.jpg\",\"width\":340,\"height\":336},{\"@type\":\"BreadcrumbList\",\"@id\":\"https:\\\/\\\/www.sj-cluny.org\\\/actualite\\\/la-fondation-de-deux-communautes\\\/#breadcrumb\",\"itemListElement\":[{\"@type\":\"ListItem\",\"position\":1,\"name\":\"Accueil\",\"item\":\"https:\\\/\\\/www.sj-cluny.org\\\/\"},{\"@type\":\"ListItem\",\"position\":2,\"name\":\"La fondation de deux communaut\u00e9s\"}]},{\"@type\":\"WebSite\",\"@id\":\"https:\\\/\\\/www.sj-cluny.org\\\/#website\",\"url\":\"https:\\\/\\\/www.sj-cluny.org\\\/\",\"name\":\"S\u0153urs de Saint-Joseph de Cluny\",\"description\":\"\",\"potentialAction\":[{\"@type\":\"SearchAction\",\"target\":{\"@type\":\"EntryPoint\",\"urlTemplate\":\"https:\\\/\\\/www.sj-cluny.org\\\/?s={search_term_string}\"},\"query-input\":{\"@type\":\"PropertyValueSpecification\",\"valueRequired\":true,\"valueName\":\"search_term_string\"}}],\"inLanguage\":\"en-GB\"},{\"@type\":\"Person\",\"@id\":\"https:\\\/\\\/www.sj-cluny.org\\\/#\\\/schema\\\/person\\\/668a6c050484687158437cdd2bb77dd1\",\"name\":\"soeur-francisca\",\"image\":{\"@type\":\"ImageObject\",\"inLanguage\":\"en-GB\",\"@id\":\"https:\\\/\\\/secure.gravatar.com\\\/avatar\\\/d9128aa0158e0af474f8fc6d1de64d386e8feba3a5462f1896e84d62e92b9d25?s=96&d=mm&r=g\",\"url\":\"https:\\\/\\\/secure.gravatar.com\\\/avatar\\\/d9128aa0158e0af474f8fc6d1de64d386e8feba3a5462f1896e84d62e92b9d25?s=96&d=mm&r=g\",\"contentUrl\":\"https:\\\/\\\/secure.gravatar.com\\\/avatar\\\/d9128aa0158e0af474f8fc6d1de64d386e8feba3a5462f1896e84d62e92b9d25?s=96&d=mm&r=g\",\"caption\":\"soeur-francisca\"}}]}<\/script>\n<!-- \/ Yoast SEO plugin. -->","yoast_head_json":{"title":"La fondation de deux communaut\u00e9s - S\u0153urs de Saint-Joseph de Cluny","robots":{"index":"index","follow":"follow","max-snippet":"max-snippet:-1","max-image-preview":"max-image-preview:large","max-video-preview":"max-video-preview:-1"},"canonical":"https:\/\/www.sj-cluny.org\/en\/actualite\/la-fondation-de-deux-communautes\/","og_locale":"en_GB","og_type":"article","og_title":"La fondation de deux communaut\u00e9s - S\u0153urs de Saint-Joseph de Cluny","og_description":"Saint Martin \u00e0 Lom\u00e9 (Togo) et Anne Marie Javouhey \u00e0 Agbanto (B\u00e9nin) Nous sommes heureuses de vous annoncer la fondation de deux communaut\u00e9s dans la Province d\u2019Afrique de l\u2019Ouest Francophone. [&hellip;]","og_url":"https:\/\/www.sj-cluny.org\/en\/actualite\/la-fondation-de-deux-communautes\/","og_site_name":"S\u0153urs de Saint-Joseph de Cluny","article_published_time":"2025-12-02T09:12:07+00:00","article_modified_time":"2025-12-02T16:28:34+00:00","og_image":[{"width":340,"height":336,"url":"https:\/\/www.sj-cluny.org\/wp-content\/uploads\/2025\/11\/africa-occidentale-sul-golfo-di-guinea-mappa-politica-istock-11zon-1024x683-1-e1763980476140.jpg","type":"image\/jpeg"}],"author":"soeur-francisca","twitter_card":"summary_large_image","twitter_misc":{"Written by":"soeur-francisca","Est. reading time":"2 minutes"},"schema":{"@context":"https:\/\/schema.org","@graph":[{"@type":"Article","@id":"https:\/\/www.sj-cluny.org\/actualite\/la-fondation-de-deux-communautes\/#article","isPartOf":{"@id":"https:\/\/www.sj-cluny.org\/actualite\/la-fondation-de-deux-communautes\/"},"author":{"name":"soeur-francisca","@id":"https:\/\/www.sj-cluny.org\/#\/schema\/person\/668a6c050484687158437cdd2bb77dd1"},"headline":"La fondation de deux communaut\u00e9s","datePublished":"2025-12-02T09:12:07+00:00","dateModified":"2025-12-02T16:28:34+00:00","mainEntityOfPage":{"@id":"https:\/\/www.sj-cluny.org\/actualite\/la-fondation-de-deux-communautes\/"},"wordCount":188,"image":{"@id":"https:\/\/www.sj-cluny.org\/actualite\/la-fondation-de-deux-communautes\/#primaryimage"},"thumbnailUrl":"https:\/\/www.sj-cluny.org\/wp-content\/uploads\/2025\/11\/africa-occidentale-sul-golfo-di-guinea-mappa-politica-istock-11zon-1024x683-1-e1763980476140.jpg","articleSection":["Actualit\u00e9"],"inLanguage":"en-GB"},{"@type":"WebPage","@id":"https:\/\/www.sj-cluny.org\/actualite\/la-fondation-de-deux-communautes\/","url":"https:\/\/www.sj-cluny.org\/actualite\/la-fondation-de-deux-communautes\/","name":"La fondation de deux communaut\u00e9s - S\u0153urs de Saint-Joseph de Cluny","isPartOf":{"@id":"https:\/\/www.sj-cluny.org\/#website"},"primaryImageOfPage":{"@id":"https:\/\/www.sj-cluny.org\/actualite\/la-fondation-de-deux-communautes\/#primaryimage"},"image":{"@id":"https:\/\/www.sj-cluny.org\/actualite\/la-fondation-de-deux-communautes\/#primaryimage"},"thumbnailUrl":"https:\/\/www.sj-cluny.org\/wp-content\/uploads\/2025\/11\/africa-occidentale-sul-golfo-di-guinea-mappa-politica-istock-11zon-1024x683-1-e1763980476140.jpg","datePublished":"2025-12-02T09:12:07+00:00","dateModified":"2025-12-02T16:28:34+00:00","author":{"@id":"https:\/\/www.sj-cluny.org\/#\/schema\/person\/668a6c050484687158437cdd2bb77dd1"},"breadcrumb":{"@id":"https:\/\/www.sj-cluny.org\/actualite\/la-fondation-de-deux-communautes\/#breadcrumb"},"inLanguage":"en-GB","potentialAction":[{"@type":"ReadAction","target":["https:\/\/www.sj-cluny.org\/actualite\/la-fondation-de-deux-communautes\/"]}]},{"@type":"ImageObject","inLanguage":"en-GB","@id":"https:\/\/www.sj-cluny.org\/actualite\/la-fondation-de-deux-communautes\/#primaryimage","url":"https:\/\/www.sj-cluny.org\/wp-content\/uploads\/2025\/11\/africa-occidentale-sul-golfo-di-guinea-mappa-politica-istock-11zon-1024x683-1-e1763980476140.jpg","contentUrl":"https:\/\/www.sj-cluny.org\/wp-content\/uploads\/2025\/11\/africa-occidentale-sul-golfo-di-guinea-mappa-politica-istock-11zon-1024x683-1-e1763980476140.jpg","width":340,"height":336},{"@type":"BreadcrumbList","@id":"https:\/\/www.sj-cluny.org\/actualite\/la-fondation-de-deux-communautes\/#breadcrumb","itemListElement":[{"@type":"ListItem","position":1,"name":"Accueil","item":"https:\/\/www.sj-cluny.org\/"},{"@type":"ListItem","position":2,"name":"La fondation de deux communaut\u00e9s"}]},{"@type":"WebSite","@id":"https:\/\/www.sj-cluny.org\/#website","url":"https:\/\/www.sj-cluny.org\/","name":"Sisters of Saint Joseph of Cluny","description":"","potentialAction":[{"@type":"SearchAction","target":{"@type":"EntryPoint","urlTemplate":"https:\/\/www.sj-cluny.org\/?s={search_term_string}"},"query-input":{"@type":"PropertyValueSpecification","valueRequired":true,"valueName":"search_term_string"}}],"inLanguage":"en-GB"},{"@type":"Person","@id":"https:\/\/www.sj-cluny.org\/#\/schema\/person\/668a6c050484687158437cdd2bb77dd1","name":"soeur-francisca","image":{"@type":"ImageObject","inLanguage":"en-GB","@id":"https:\/\/secure.gravatar.com\/avatar\/d9128aa0158e0af474f8fc6d1de64d386e8feba3a5462f1896e84d62e92b9d25?s=96&d=mm&r=g","url":"https:\/\/secure.gravatar.com\/avatar\/d9128aa0158e0af474f8fc6d1de64d386e8feba3a5462f1896e84d62e92b9d25?s=96&d=mm&r=g","contentUrl":"https:\/\/secure.gravatar.com\/avatar\/d9128aa0158e0af474f8fc6d1de64d386e8feba3a5462f1896e84d62e92b9d25?s=96&d=mm&r=g","caption":"soeur-francisca"}}]}},"_links":{"self":[{"href":"https:\/\/www.sj-cluny.org\/en\/wp-json\/wp\/v2\/posts\/4245","targetHints":{"allow":["GET"]}}],"collection":[{"href":"https:\/\/www.sj-cluny.org\/en\/wp-json\/wp\/v2\/posts"}],"about":[{"href":"https:\/\/www.sj-cluny.org\/en\/wp-json\/wp\/v2\/types\/post"}],"author":[{"embeddable":true,"href":"https:\/\/www.sj-cluny.org\/en\/wp-json\/wp\/v2\/users\/2"}],"replies":[{"embeddable":true,"href":"https:\/\/www.sj-cluny.org\/en\/wp-json\/wp\/v2\/comments?post=4245"}],"version-history":[{"count":10,"href":"https:\/\/www.sj-cluny.org\/en\/wp-json\/wp\/v2\/posts\/4245\/revisions"}],"predecessor-version":[{"id":4848,"href":"https:\/\/www.sj-cluny.org\/en\/wp-json\/wp\/v2\/posts\/4245\/revisions\/4848"}],"wp:featuredmedia":[{"embeddable":true,"href":"https:\/\/www.sj-cluny.org\/en\/wp-json\/wp\/v2\/media\/4411"}],"wp:attachment":[{"href":"https:\/\/www.sj-cluny.org\/en\/wp-json\/wp\/v2\/media?parent=4245"}],"wp:term":[{"taxonomy":"category","embeddable":true,"href":"https:\/\/www.sj-cluny.org\/en\/wp-json\/wp\/v2\/categories?post=4245"},{"taxonomy":"post_tag","embeddable":true,"href":"https:\/\/www.sj-cluny.org\/en\/wp-json\/wp\/v2\/tags?post=4245"}],"curies":[{"name":"wp","href":"https:\/\/api.w.org\/{rel}","templated":true}]}}